{"id":42763,"date":"2023-01-10T15:01:57","date_gmt":"2023-01-10T14:01:57","guid":{"rendered":"https:\/\/animo.eu\/en-arbejdsdag-i-arnouds-liv\/"},"modified":"2023-12-18T14:53:48","modified_gmt":"2023-12-18T13:53:48","slug":"en-arbejdsdag-i-arnouds-liv","status":"publish","type":"post","link":"https:\/\/animo.eu\/da\/en-arbejdsdag-i-arnouds-liv\/","title":{"rendered":"En arbejdsdag i Arnouds liv"},"content":{"rendered":"\n<section  class=\"pane pane--tertiary \">\n    <div class=\"container\">\n        <div class=\"row g-4 g-lg-8 g-xl-15 justify-content-center\">\n                                                <div class=\"col-12 col-lg-8\">\n                        <div class=\"pane__text\">\n                            <h2>I denne nye blog tager vi dig med gennem en arbejdsdag i Arnouds liv.<\/h2>\n                                                    <\/div>\n                    <\/div>\n                                    <\/div>\n    <\/div>\n<\/section>\n\n<section  class=\"pane pane--white \">\n    <div class=\"container\">\n        <div class=\"row g-4 g-lg-8 g-xl-15 g-xxl-20  \">\n                            <div class=\"col-12 col-lg-6\">\n                    <div class=\"pane__text\">\n                        <h2>Account manager hos Animo<\/h2>\n<p>Aftenen f\u00f8r tjekker jeg ofte kalenderen for den n\u00e6ste dag for at vide, hvor jeg skal hen, s\u00e5 jeg kan tage h\u00f8jde for trafikken eller den afstand, jeg skal k\u00f8re. Afh\u00e6ngigt af hvad tid og hvor jeg skal v\u00e6re, k\u00f8rer jeg hjemmefra mod kunden\/forhandleren.<\/p>\n<p>Antallet af aftaler afh\u00e6nger i h\u00f8j grad af typen af opkald, men vores m\u00e5l er at lave tre p\u00e5 en dag.<\/p>\n<p>Der er altid en grund eller et form\u00e5l med at lave en aftale, det kan v\u00e6re samarbejde, et nyt produkt, svigtende salg, stigende salg, at man ikke l\u00e6ngere \u00f8nsker at f\u00f8re et bestemt produkt. Den r\u00f8de tr\u00e5d er altid handel.<\/p>\n                                                \n                    <\/div>\n                <\/div>\n                                        <div class=\"col-12 col-lg\">\n                    <figure class=\"figure \">\n                        <img decoding=\"async\" width=\"1024\" height=\"1024\" src=\"https:\/\/animo.eu\/wp-content\/uploads\/2023\/01\/Arnoud-Bos-BLog-1024x1024.png\" class=\"img-fluid\" alt=\"\" loading=\"lazy\" srcset=\"https:\/\/animo.eu\/wp-content\/uploads\/2023\/01\/Arnoud-Bos-BLog-1024x1024.png 1024w, https:\/\/animo.eu\/wp-content\/uploads\/2023\/01\/Arnoud-Bos-BLog-300x300.png 300w, https:\/\/animo.eu\/wp-content\/uploads\/2023\/01\/Arnoud-Bos-BLog-150x150.png 150w, https:\/\/animo.eu\/wp-content\/uploads\/2023\/01\/Arnoud-Bos-BLog-768x768.png 768w, https:\/\/animo.eu\/wp-content\/uploads\/2023\/01\/Arnoud-Bos-BLog-70x70.png 70w, https:\/\/animo.eu\/wp-content\/uploads\/2023\/01\/Arnoud-Bos-BLog-550x550.png 550w, https:\/\/animo.eu\/wp-content\/uploads\/2023\/01\/Arnoud-Bos-BLog-800x800.png 800w, https:\/\/animo.eu\/wp-content\/uploads\/2023\/01\/Arnoud-Bos-BLog-100x100.png 100w, https:\/\/animo.eu\/wp-content\/uploads\/2023\/01\/Arnoud-Bos-BLog-700x700.png 700w, https:\/\/animo.eu\/wp-content\/uploads\/2023\/01\/Arnoud-Bos-BLog-350x350.png 350w, https:\/\/animo.eu\/wp-content\/uploads\/2023\/01\/Arnoud-Bos-BLog.png 1122w\" sizes=\"(max-width: 1024px) 100vw, 1024px\" \/>                    <\/figure>\n                <\/div>\n                    <\/div>\n    <\/div>\n<\/section>\n\n<section  class=\"pane pane--tertiary \">\n    <div class=\"container\">\n        <div class=\"row g-4 g-lg-8 g-xl-15 g-xxl-20  flex-lg-row-reverse\">\n                            <div class=\"col-12 col-lg-6\">\n                    <div class=\"pane__text\">\n                        <h2>P\u00e5 vej til kunden<\/h2>\n<div><strong>7.45 &#8211; Bilen varmer op, og jeg starter min k\u00f8retur.<\/strong><\/div>\n<div>Om morgenen, inden jeg s\u00e6tter mig ind i bilen for at k\u00f8re ud til mine kunder, tjekker jeg de seneste trafikinformationer og min mail. S\u00e5 k\u00f8rer jeg til dagens f\u00f8rste aftale. Under s\u00e5dan en tur ringer jeg til vores interne salgskolleger for at finde ud af, om der er noget s\u00e6rligt den dag, eller om der er nogle interessante punkter, som jeg kan tage h\u00f8jde for under kundem\u00f8det.<\/div>\n<div><\/div>\n<div><strong>Kl. 9.30 &#8211; Dagens f\u00f8rste aftale<\/strong><\/div>\n<div>Da jeg ankommer til kundens lokaler, nyder jeg f\u00f8rst en god kop kaffe. Derefter diskuteres igangv\u00e6rende problemer mellem forhandleren og Animo. De aftaler, jeg har med mine kunder, er meget forskellige i indhold. For eksempel har vi \u00e5rlige interviews, hvor vi ser tilbage p\u00e5 det forgangne \u00e5r og ser frem mod nye udviklinger i det kommende \u00e5r.<\/div>\n                                                \n                    <\/div>\n                <\/div>\n                                        <div class=\"col-12 col-lg\">\n                    <figure class=\"figure image_reversed\">\n                        <img decoding=\"async\" width=\"1024\" height=\"1024\" src=\"https:\/\/animo.eu\/wp-content\/uploads\/2023\/01\/Arnould_op_het_werk-1024x1024.png\" class=\"img-fluid\" alt=\"\" loading=\"lazy\" srcset=\"https:\/\/animo.eu\/wp-content\/uploads\/2023\/01\/Arnould_op_het_werk-1024x1024.png 1024w, https:\/\/animo.eu\/wp-content\/uploads\/2023\/01\/Arnould_op_het_werk-300x300.png 300w, https:\/\/animo.eu\/wp-content\/uploads\/2023\/01\/Arnould_op_het_werk-150x150.png 150w, https:\/\/animo.eu\/wp-content\/uploads\/2023\/01\/Arnould_op_het_werk-768x768.png 768w, https:\/\/animo.eu\/wp-content\/uploads\/2023\/01\/Arnould_op_het_werk-70x70.png 70w, https:\/\/animo.eu\/wp-content\/uploads\/2023\/01\/Arnould_op_het_werk-550x550.png 550w, https:\/\/animo.eu\/wp-content\/uploads\/2023\/01\/Arnould_op_het_werk-800x800.png 800w, https:\/\/animo.eu\/wp-content\/uploads\/2023\/01\/Arnould_op_het_werk-100x100.png 100w, https:\/\/animo.eu\/wp-content\/uploads\/2023\/01\/Arnould_op_het_werk-700x700.png 700w, https:\/\/animo.eu\/wp-content\/uploads\/2023\/01\/Arnould_op_het_werk-350x350.png 350w, https:\/\/animo.eu\/wp-content\/uploads\/2023\/01\/Arnould_op_het_werk.png 1122w\" sizes=\"(max-width: 1024px) 100vw, 1024px\" \/>                    <\/figure>\n                <\/div>\n                    <\/div>\n    <\/div>\n<\/section>\n\n<section  class=\"pane pane--white \">\n    <div class=\"container\">\n        <div class=\"row g-4 g-lg-8 g-xl-15 g-xxl-20  \">\n                            <div class=\"col-12 col-lg-6\">\n                    <div class=\"pane__text\">\n                        <h2>Udbuddet<\/h2>\n<div>\n<div><strong>11.00 &#8211; Anden aftale<\/strong><\/div>\n<div>Den aftale, jeg har med forhandleren, er at ledsage ham med et bud. En institution har lavet et privat udbud, og baseret p\u00e5 kravprogrammet (PVE) skal jeg hj\u00e6lpe forhandleren med at tilbyde det rigtige udstyr. Vi gennemg\u00e5r ogs\u00e5 alle punkterne i PVE for at sikre den bedst mulige opfyldelse af dette udbud. Jeg leverer ogs\u00e5 al den dokumentation, jeg bliver bedt om, s\u00e5som CSR-dokumenter og information om b\u00e6redygtighed.<\/div>\n<div><\/div>\n<div><strong>12.15 &#8211; P\u00e5 vej til den tredje aftale og en kort pause<\/strong><\/div>\n<div>Efter den forrige aftale k\u00f8rer jeg mod min tredje aftale, og p\u00e5 vejen stiger jeg ud af bilen og spiser en sandwich. Under frokosten l\u00e6ser jeg min mail igennem og foretager nogle tilbagekald.<\/div>\n<\/div>\n                                                \n                    <\/div>\n                <\/div>\n                                        <div class=\"col-12 col-lg\">\n                    <figure class=\"figure \">\n                        <img decoding=\"async\" width=\"1024\" height=\"1024\" src=\"https:\/\/animo.eu\/wp-content\/uploads\/2023\/01\/Contract-1024x1024.png\" class=\"img-fluid\" alt=\"\" loading=\"lazy\" srcset=\"https:\/\/animo.eu\/wp-content\/uploads\/2023\/01\/Contract-1024x1024.png 1024w, https:\/\/animo.eu\/wp-content\/uploads\/2023\/01\/Contract-300x300.png 300w, https:\/\/animo.eu\/wp-content\/uploads\/2023\/01\/Contract-150x150.png 150w, https:\/\/animo.eu\/wp-content\/uploads\/2023\/01\/Contract-768x768.png 768w, https:\/\/animo.eu\/wp-content\/uploads\/2023\/01\/Contract-70x70.png 70w, https:\/\/animo.eu\/wp-content\/uploads\/2023\/01\/Contract-550x550.png 550w, https:\/\/animo.eu\/wp-content\/uploads\/2023\/01\/Contract-800x800.png 800w, https:\/\/animo.eu\/wp-content\/uploads\/2023\/01\/Contract-100x100.png 100w, https:\/\/animo.eu\/wp-content\/uploads\/2023\/01\/Contract-700x700.png 700w, https:\/\/animo.eu\/wp-content\/uploads\/2023\/01\/Contract-350x350.png 350w, https:\/\/animo.eu\/wp-content\/uploads\/2023\/01\/Contract.png 1122w\" sizes=\"(max-width: 1024px) 100vw, 1024px\" \/>                    <\/figure>\n                <\/div>\n                    <\/div>\n    <\/div>\n<\/section>\n\n<section  class=\"pane pane--tertiary \">\n    <div class=\"container\">\n        <div class=\"row g-4 g-lg-8 g-xl-15 g-xxl-20  flex-lg-row-reverse\">\n                            <div class=\"col-12 col-lg-6\">\n                    <div class=\"pane__text\">\n                        <h2>Pr\u00f8veplacering af OptiBean X<\/h2>\n<div>\n<div>\n<div><strong>13.30 &#8211; Tredje aftale<\/strong><\/div>\n<div>En pr\u00f8veplacering med en <a href=\"https:\/\/animo.eu\/da\/kaffemaskiner-2\/optibean-x\/\">OptiBean X<\/a> er planlagt til i eftermiddag. Jeg tager med forhandleren ud til en af hans slutkunder for at lave en pr\u00f8veplacering. Automaten indstilles derefter efter slutkundens og forhandlerens behov, og der gives forklaringer. Automaten kan derefter st\u00e5 i en periode p\u00e5 cirka to uger, s\u00e5 slutkunden kan f\u00e5 et godt indtryk af automaten og dens funktion.<\/div>\n<div><\/div>\n<div><strong>16:30 &#8211; Hjemme igen<\/strong><\/div>\n<div>Jeg tager stadig fat i computeren og afslutter e-mails, og jeg kigger ogs\u00e5 p\u00e5 i morgen. Hvilke aftaler der er planlagt for den dag, og hvordan jeg forbereder mig.<\/div>\n<\/div>\n<\/div>\n                                                \n                    <\/div>\n                <\/div>\n                                        <div class=\"col-12 col-lg\">\n                    <figure class=\"figure image_reversed\">\n                        <img decoding=\"async\" width=\"1024\" height=\"1024\" src=\"https:\/\/animo.eu\/wp-content\/uploads\/2023\/01\/OptiBean-X-BPZ_wit-1024x1024.png\" class=\"img-fluid\" alt=\"\" loading=\"lazy\" srcset=\"https:\/\/animo.eu\/wp-content\/uploads\/2023\/01\/OptiBean-X-BPZ_wit-1024x1024.png 1024w, https:\/\/animo.eu\/wp-content\/uploads\/2023\/01\/OptiBean-X-BPZ_wit-300x300.png 300w, https:\/\/animo.eu\/wp-content\/uploads\/2023\/01\/OptiBean-X-BPZ_wit-150x150.png 150w, https:\/\/animo.eu\/wp-content\/uploads\/2023\/01\/OptiBean-X-BPZ_wit-768x768.png 768w, https:\/\/animo.eu\/wp-content\/uploads\/2023\/01\/OptiBean-X-BPZ_wit-70x70.png 70w, https:\/\/animo.eu\/wp-content\/uploads\/2023\/01\/OptiBean-X-BPZ_wit-550x550.png 550w, https:\/\/animo.eu\/wp-content\/uploads\/2023\/01\/OptiBean-X-BPZ_wit-800x800.png 800w, https:\/\/animo.eu\/wp-content\/uploads\/2023\/01\/OptiBean-X-BPZ_wit-100x100.png 100w, https:\/\/animo.eu\/wp-content\/uploads\/2023\/01\/OptiBean-X-BPZ_wit-700x700.png 700w, https:\/\/animo.eu\/wp-content\/uploads\/2023\/01\/OptiBean-X-BPZ_wit-350x350.png 350w, https:\/\/animo.eu\/wp-content\/uploads\/2023\/01\/OptiBean-X-BPZ_wit.png 1122w\" sizes=\"(max-width: 1024px) 100vw, 1024px\" \/>                    <\/figure>\n                <\/div>\n                    <\/div>\n    <\/div>\n<\/section>\n","protected":false},"excerpt":{"rendered":"","protected":false},"author":1,"featured_media":41279,"comment_status":"closed","ping_status":"open","sticky":false,"template":"","format":"standard","meta":{"_acf_changed":false,"footnotes":""},"categories":[115],"tags":[],"class_list":["post-42763","post","type-post","status-publish","format-standard","has-post-thumbnail","hentry","category-arbejdsdagen-for"],"acf":[],"yoast_head":"<!-- This site is optimized with the Yoast SEO plugin v25.5 - https:\/\/yoast.com\/wordpress\/plugins\/seo\/ -->\n<title>En arbejdsdag i Arnouds liv -<\/title>\n<meta name=\"description\" content=\"En arbejdsdag i Arnouds liv -\" \/>\n<meta name=\"robots\" content=\"index, follow, max-snippet:-1, max-image-preview:large, max-video-preview:-1\" \/>\n<link rel=\"canonical\" href=\"https:\/\/animo.eu\/da\/en-arbejdsdag-i-arnouds-liv\/\" \/>\n<meta property=\"og:locale\" content=\"da_DK\" \/>\n<meta property=\"og:type\" content=\"article\" \/>\n<meta property=\"og:title\" content=\"En arbejdsdag i Arnouds liv -\" \/>\n<meta property=\"og:description\" content=\"En arbejdsdag i Arnouds liv -\" \/>\n<meta property=\"og:url\" content=\"https:\/\/animo.eu\/da\/en-arbejdsdag-i-arnouds-liv\/\" \/>\n<meta property=\"article:publisher\" content=\"https:\/\/www.facebook.com\/animobv\/\" \/>\n<meta property=\"article:published_time\" content=\"2023-01-10T14:01:57+00:00\" \/>\n<meta property=\"article:modified_time\" content=\"2023-12-18T13:53:48+00:00\" \/>\n<meta property=\"og:image\" content=\"https:\/\/animo.eu\/wp-content\/uploads\/2023\/01\/Images_Blog_consulting-g89813e129_1920.jpg\" \/>\n\t<meta property=\"og:image:width\" content=\"960\" \/>\n\t<meta property=\"og:image:height\" content=\"640\" \/>\n\t<meta property=\"og:image:type\" content=\"image\/jpeg\" \/>\n<meta name=\"author\" content=\"Stevens\" \/>\n<meta name=\"twitter:card\" content=\"summary_large_image\" \/>\n<meta name=\"twitter:creator\" content=\"@animokoffie\" \/>\n<meta name=\"twitter:site\" content=\"@animokoffie\" \/>\n<meta name=\"twitter:label1\" content=\"Skrevet af\" \/>\n\t<meta name=\"twitter:data1\" content=\"Stevens\" \/>\n<script type=\"application\/ld+json\" class=\"yoast-schema-graph\">{\"@context\":\"https:\/\/schema.org\",\"@graph\":[{\"@type\":\"WebPage\",\"@id\":\"https:\/\/animo.eu\/da\/en-arbejdsdag-i-arnouds-liv\/\",\"url\":\"https:\/\/animo.eu\/da\/en-arbejdsdag-i-arnouds-liv\/\",\"name\":\"En arbejdsdag i Arnouds liv -\",\"isPartOf\":{\"@id\":\"https:\/\/animo.eu\/da\/#website\"},\"primaryImageOfPage\":{\"@id\":\"https:\/\/animo.eu\/da\/en-arbejdsdag-i-arnouds-liv\/#primaryimage\"},\"image\":{\"@id\":\"https:\/\/animo.eu\/da\/en-arbejdsdag-i-arnouds-liv\/#primaryimage\"},\"thumbnailUrl\":\"https:\/\/animo.eu\/wp-content\/uploads\/2023\/01\/Images_Blog_consulting-g89813e129_1920.jpg\",\"datePublished\":\"2023-01-10T14:01:57+00:00\",\"dateModified\":\"2023-12-18T13:53:48+00:00\",\"author\":{\"@id\":\"https:\/\/animo.eu\/da\/#\/schema\/person\/f20480df343eb8b274386a4c75f5b074\"},\"description\":\"En arbejdsdag i Arnouds liv -\",\"breadcrumb\":{\"@id\":\"https:\/\/animo.eu\/da\/en-arbejdsdag-i-arnouds-liv\/#breadcrumb\"},\"inLanguage\":\"da-DK\",\"potentialAction\":[{\"@type\":\"ReadAction\",\"target\":[\"https:\/\/animo.eu\/da\/en-arbejdsdag-i-arnouds-liv\/\"]}]},{\"@type\":\"ImageObject\",\"inLanguage\":\"da-DK\",\"@id\":\"https:\/\/animo.eu\/da\/en-arbejdsdag-i-arnouds-liv\/#primaryimage\",\"url\":\"https:\/\/animo.eu\/wp-content\/uploads\/2023\/01\/Images_Blog_consulting-g89813e129_1920.jpg\",\"contentUrl\":\"https:\/\/animo.eu\/wp-content\/uploads\/2023\/01\/Images_Blog_consulting-g89813e129_1920.jpg\",\"width\":960,\"height\":640},{\"@type\":\"BreadcrumbList\",\"@id\":\"https:\/\/animo.eu\/da\/en-arbejdsdag-i-arnouds-liv\/#breadcrumb\",\"itemListElement\":[{\"@type\":\"ListItem\",\"position\":1,\"name\":\"Home\",\"item\":\"https:\/\/animo.eu\/da\/\"},{\"@type\":\"ListItem\",\"position\":2,\"name\":\"En arbejdsdag i Arnouds liv\"}]},{\"@type\":\"WebSite\",\"@id\":\"https:\/\/animo.eu\/da\/#website\",\"url\":\"https:\/\/animo.eu\/da\/\",\"name\":\"\",\"description\":\"\",\"potentialAction\":[{\"@type\":\"SearchAction\",\"target\":{\"@type\":\"EntryPoint\",\"urlTemplate\":\"https:\/\/animo.eu\/da\/?s={search_term_string}\"},\"query-input\":{\"@type\":\"PropertyValueSpecification\",\"valueRequired\":true,\"valueName\":\"search_term_string\"}}],\"inLanguage\":\"da-DK\"},{\"@type\":\"Person\",\"@id\":\"https:\/\/animo.eu\/da\/#\/schema\/person\/f20480df343eb8b274386a4c75f5b074\",\"name\":\"Stevens\",\"image\":{\"@type\":\"ImageObject\",\"inLanguage\":\"da-DK\",\"@id\":\"https:\/\/animo.eu\/da\/#\/schema\/person\/image\/\",\"url\":\"https:\/\/secure.gravatar.com\/avatar\/2f00e29e6de71c77bc2d42f265f2d805?s=96&d=mm&r=g\",\"contentUrl\":\"https:\/\/secure.gravatar.com\/avatar\/2f00e29e6de71c77bc2d42f265f2d805?s=96&d=mm&r=g\",\"caption\":\"Stevens\"},\"sameAs\":[\"https:\/\/animo.xdemo.nl\"],\"url\":\"https:\/\/animo.eu\/da\/author\/x-interactive\/\"}]}<\/script>\n<!-- \/ Yoast SEO plugin. -->","yoast_head_json":{"title":"En arbejdsdag i Arnouds liv -","description":"En arbejdsdag i Arnouds liv -","robots":{"index":"index","follow":"follow","max-snippet":"max-snippet:-1","max-image-preview":"max-image-preview:large","max-video-preview":"max-video-preview:-1"},"canonical":"https:\/\/animo.eu\/da\/en-arbejdsdag-i-arnouds-liv\/","og_locale":"da_DK","og_type":"article","og_title":"En arbejdsdag i Arnouds liv -","og_description":"En arbejdsdag i Arnouds liv -","og_url":"https:\/\/animo.eu\/da\/en-arbejdsdag-i-arnouds-liv\/","article_publisher":"https:\/\/www.facebook.com\/animobv\/","article_published_time":"2023-01-10T14:01:57+00:00","article_modified_time":"2023-12-18T13:53:48+00:00","og_image":[{"width":960,"height":640,"url":"https:\/\/animo.eu\/wp-content\/uploads\/2023\/01\/Images_Blog_consulting-g89813e129_1920.jpg","type":"image\/jpeg"}],"author":"Stevens","twitter_card":"summary_large_image","twitter_creator":"@animokoffie","twitter_site":"@animokoffie","twitter_misc":{"Skrevet af":"Stevens"},"schema":{"@context":"https:\/\/schema.org","@graph":[{"@type":"WebPage","@id":"https:\/\/animo.eu\/da\/en-arbejdsdag-i-arnouds-liv\/","url":"https:\/\/animo.eu\/da\/en-arbejdsdag-i-arnouds-liv\/","name":"En arbejdsdag i Arnouds liv -","isPartOf":{"@id":"https:\/\/animo.eu\/da\/#website"},"primaryImageOfPage":{"@id":"https:\/\/animo.eu\/da\/en-arbejdsdag-i-arnouds-liv\/#primaryimage"},"image":{"@id":"https:\/\/animo.eu\/da\/en-arbejdsdag-i-arnouds-liv\/#primaryimage"},"thumbnailUrl":"https:\/\/animo.eu\/wp-content\/uploads\/2023\/01\/Images_Blog_consulting-g89813e129_1920.jpg","datePublished":"2023-01-10T14:01:57+00:00","dateModified":"2023-12-18T13:53:48+00:00","author":{"@id":"https:\/\/animo.eu\/da\/#\/schema\/person\/f20480df343eb8b274386a4c75f5b074"},"description":"En arbejdsdag i Arnouds liv -","breadcrumb":{"@id":"https:\/\/animo.eu\/da\/en-arbejdsdag-i-arnouds-liv\/#breadcrumb"},"inLanguage":"da-DK","potentialAction":[{"@type":"ReadAction","target":["https:\/\/animo.eu\/da\/en-arbejdsdag-i-arnouds-liv\/"]}]},{"@type":"ImageObject","inLanguage":"da-DK","@id":"https:\/\/animo.eu\/da\/en-arbejdsdag-i-arnouds-liv\/#primaryimage","url":"https:\/\/animo.eu\/wp-content\/uploads\/2023\/01\/Images_Blog_consulting-g89813e129_1920.jpg","contentUrl":"https:\/\/animo.eu\/wp-content\/uploads\/2023\/01\/Images_Blog_consulting-g89813e129_1920.jpg","width":960,"height":640},{"@type":"BreadcrumbList","@id":"https:\/\/animo.eu\/da\/en-arbejdsdag-i-arnouds-liv\/#breadcrumb","itemListElement":[{"@type":"ListItem","position":1,"name":"Home","item":"https:\/\/animo.eu\/da\/"},{"@type":"ListItem","position":2,"name":"En arbejdsdag i Arnouds liv"}]},{"@type":"WebSite","@id":"https:\/\/animo.eu\/da\/#website","url":"https:\/\/animo.eu\/da\/","name":"","description":"","potentialAction":[{"@type":"SearchAction","target":{"@type":"EntryPoint","urlTemplate":"https:\/\/animo.eu\/da\/?s={search_term_string}"},"query-input":{"@type":"PropertyValueSpecification","valueRequired":true,"valueName":"search_term_string"}}],"inLanguage":"da-DK"},{"@type":"Person","@id":"https:\/\/animo.eu\/da\/#\/schema\/person\/f20480df343eb8b274386a4c75f5b074","name":"Stevens","image":{"@type":"ImageObject","inLanguage":"da-DK","@id":"https:\/\/animo.eu\/da\/#\/schema\/person\/image\/","url":"https:\/\/secure.gravatar.com\/avatar\/2f00e29e6de71c77bc2d42f265f2d805?s=96&d=mm&r=g","contentUrl":"https:\/\/secure.gravatar.com\/avatar\/2f00e29e6de71c77bc2d42f265f2d805?s=96&d=mm&r=g","caption":"Stevens"},"sameAs":["https:\/\/animo.xdemo.nl"],"url":"https:\/\/animo.eu\/da\/author\/x-interactive\/"}]}},"_links":{"self":[{"href":"https:\/\/animo.eu\/da\/wp-json\/wp\/v2\/posts\/42763"}],"collection":[{"href":"https:\/\/animo.eu\/da\/wp-json\/wp\/v2\/posts"}],"about":[{"href":"https:\/\/animo.eu\/da\/wp-json\/wp\/v2\/types\/post"}],"author":[{"embeddable":true,"href":"https:\/\/animo.eu\/da\/wp-json\/wp\/v2\/users\/1"}],"replies":[{"embeddable":true,"href":"https:\/\/animo.eu\/da\/wp-json\/wp\/v2\/comments?post=42763"}],"version-history":[{"count":1,"href":"https:\/\/animo.eu\/da\/wp-json\/wp\/v2\/posts\/42763\/revisions"}],"predecessor-version":[{"id":42764,"href":"https:\/\/animo.eu\/da\/wp-json\/wp\/v2\/posts\/42763\/revisions\/42764"}],"wp:featuredmedia":[{"embeddable":true,"href":"https:\/\/animo.eu\/da\/wp-json\/wp\/v2\/media\/41279"}],"wp:attachment":[{"href":"https:\/\/animo.eu\/da\/wp-json\/wp\/v2\/media?parent=42763"}],"wp:term":[{"taxonomy":"category","embeddable":true,"href":"https:\/\/animo.eu\/da\/wp-json\/wp\/v2\/categories?post=42763"},{"taxonomy":"post_tag","embeddable":true,"href":"https:\/\/animo.eu\/da\/wp-json\/wp\/v2\/tags?post=42763"}],"curies":[{"name":"wp","href":"https:\/\/api.w.org\/{rel}","templated":true}]}}