{"id":43066,"date":"2023-10-10T08:32:01","date_gmt":"2023-10-10T06:32:01","guid":{"rendered":"https:\/\/animo.eu\/en-vandkoeler-paa-arbejdspladsen\/"},"modified":"2024-01-26T13:14:18","modified_gmt":"2024-01-26T12:14:18","slug":"en-vandkoeler-paa-arbejdspladsen","status":"publish","type":"post","link":"https:\/\/animo.eu\/da\/en-vandkoeler-paa-arbejdspladsen\/","title":{"rendered":"En vandk\u00f8ler p\u00e5 arbejdspladsen"},"content":{"rendered":"\n<section  class=\"pane pane--tertiary \">\n    <div class=\"container\">\n        <div class=\"row g-4 g-lg-8 g-xl-15 justify-content-center\">\n                                                <div class=\"col-12 col-lg-8\">\n                        <div class=\"pane__text\">\n                            <h2>En vandk\u00f8ler p\u00e5 arbejdspladsen<\/h2>\n                                                    <\/div>\n                    <\/div>\n                                    <\/div>\n    <\/div>\n<\/section>\n\n\n\n<section  class=\"pane pane--white \">\n    <div class=\"container\">\n        <div class=\"row g-4 g-lg-8 g-xl-15 justify-content-center\">\n                                                <div class=\"col-12 col-lg-8\">\n                        <div class=\"pane__text\">\n                            <p><strong>Et dejligt, forfriskende glas vand er en behagelig forfriskning for mennesker. Med <a href=\"https:\/\/animo.eu\/da\/vandkoelere\/vandkoelere\/\" target=\"_blank\" rel=\"noopener\">OptiCool-vandk\u00f8leren<\/a> er verdens mest ber\u00f8mte t\u00f8rstslukker altid inden for r\u00e6kkevidde. Vandk\u00f8leren er velegnet til glas og\/eller flasker og nem at tilslutte til vandforsyningen.<\/strong><\/p>\n                                                    <\/div>\n                    <\/div>\n                                    <\/div>\n    <\/div>\n<\/section>\n\n\n\n<section  class=\"pane pane--tertiary \">\n    <div class=\"container\">\n        <div class=\"row g-4 g-lg-8 g-xl-15 g-xxl-20  \">\n                            <div class=\"col-12 col-lg-6\">\n                    <div class=\"pane__text\">\n                        <h2>Fordele ved en vandk\u00f8ler p\u00e5 arbejdspladsen<\/h2>\n<p>De varme sommerdage er p\u00e5 vej igen, og du \u00f8nsker naturligvis, at dine medarbejdere drikker nok vand. Et dejligt frisk glas vand stimulerer hjernen, \u00f8ger produktiviteten, reducerer tr\u00e6thed og holder kroppen hydreret. At drikke nok vand er en del af en sund livsstil. Mange mennesker, der har en vandk\u00f8ler p\u00e5 kontoret, oplever, at de drikker mere vand, simpelthen fordi det er let tilg\u00e6ngeligt. Drikker du ubem\u00e6rket den anbefalede m\u00e6ngde vand om dagen? Det er s\u00e5 meget nemmere med <a href=\"https:\/\/animo.eu\/da\/vandkoelere\/vandkoelere\/\" target=\"_blank\" rel=\"noopener\">OptiCool<\/a>.<\/p>\n                                                \n                    <\/div>\n                <\/div>\n                                        <div class=\"col-12 col-lg\">\n                    <figure class=\"figure \">\n                        <img decoding=\"async\" width=\"500\" height=\"750\" src=\"https:\/\/animo.eu\/wp-content\/uploads\/2023\/10\/Images_office-e1698142786237.jpeg\" class=\"img-fluid\" alt=\"\" loading=\"lazy\" \/>                    <\/figure>\n                <\/div>\n                    <\/div>\n    <\/div>\n<\/section>\n\n\n\n<section  class=\"pane pane--white \">\n    <div class=\"container\">\n        <div class=\"row g-4 g-lg-8 g-xl-15 g-xxl-20  flex-lg-row-reverse\">\n                            <div class=\"col-12 col-lg-6\">\n                    <div class=\"pane__text\">\n                        <h2>Milj\u00f8venlig<\/h2>\n<p>Brug af plastik er stadig et stort problem. Hvert \u00e5r bliver der brugt milliarder af vandflasker af plast. Af dette store antal forsvinder en stor del dagligt i skraldespanden eller endnu v\u00e6rre, det ender i milj\u00f8et. Ved at drikke vand fra en vandk\u00f8ler, der er forbundet til en vandledning, kan vi sammen reducere dette store antal betydeligt. Desuden kan du nyde renset og afk\u00f8let vand uden at skade milj\u00f8et.<\/p>\n                                                \n                    <\/div>\n                <\/div>\n                                        <div class=\"col-12 col-lg\">\n                    <figure class=\"figure image_reversed\">\n                        <img decoding=\"async\" width=\"710\" height=\"444\" src=\"https:\/\/animo.eu\/wp-content\/uploads\/2023\/10\/Hand_en_aarde.png\" class=\"img-fluid\" alt=\"\" loading=\"lazy\" srcset=\"https:\/\/animo.eu\/wp-content\/uploads\/2023\/10\/Hand_en_aarde.png 710w, https:\/\/animo.eu\/wp-content\/uploads\/2023\/10\/Hand_en_aarde-300x188.png 300w, https:\/\/animo.eu\/wp-content\/uploads\/2023\/10\/Hand_en_aarde-70x44.png 70w, https:\/\/animo.eu\/wp-content\/uploads\/2023\/10\/Hand_en_aarde-550x344.png 550w, https:\/\/animo.eu\/wp-content\/uploads\/2023\/10\/Hand_en_aarde-160x100.png 160w, https:\/\/animo.eu\/wp-content\/uploads\/2023\/10\/Hand_en_aarde-150x94.png 150w\" sizes=\"(max-width: 710px) 100vw, 710px\" \/>                    <\/figure>\n                <\/div>\n                    <\/div>\n    <\/div>\n<\/section>\n\n\n\n<section  class=\"pane pane--tertiary \">\n    <div class=\"container\">\n        <div class=\"row g-4 g-lg-8 g-xl-15 g-xxl-20  \">\n                            <div class=\"col-12 col-lg-6\">\n                    <div class=\"pane__text\">\n                        <h2>K\u00f8let vand via kaffemaskine<\/h2>\n<div class=\"uk-width-medium-1-2 align-mode-right\">\n<div class=\"content-container\">\n<div class=\"text\">\n<p>Udover en l\u00e6kker kop kaffe fra din Animo-maskine, er det ogs\u00e5 muligt at tappe dejligt forfriskende og afk\u00f8let vand fra <a href=\"https:\/\/animo.eu\/da\/kaffeautomater\/\" target=\"_blank\" rel=\"noopener\">kaffemaskinen <\/a>. Vandk\u00f8leren i vores kaffemaskiner er udstyret med et unikt Direct-Chill-k\u00f8lesystem. Den k\u00f8ler vandet via en aluminiumsblok, der lukker af for p\u00e5virkninger udefra. Et vandfilter (ekstraudstyr) sikrer krystalklart og rent vand. Vil du fuldende billedet? Det kan du! Vi tilbyder muligheden for at bestille vandk\u00f8leren inklusive <a href=\"https:\/\/animo.eu\/da\/basis-enheder\/basis-enheder\/\" target=\"_blank\" rel=\"noopener\">matchende underskab<\/a>eller som en selvst\u00e6ndig enhed. Afslappet!<\/p>\n<\/div>\n<\/div>\n<\/div>\n                                                \n                    <\/div>\n                <\/div>\n                                        <div class=\"col-12 col-lg\">\n                    <figure class=\"figure \">\n                        <img decoding=\"async\" width=\"1024\" height=\"385\" src=\"https:\/\/animo.eu\/wp-content\/uploads\/2023\/10\/Animo-Water-Cooler-Header-1024x385.jpg\" class=\"img-fluid\" alt=\"\" loading=\"lazy\" srcset=\"https:\/\/animo.eu\/wp-content\/uploads\/2023\/10\/Animo-Water-Cooler-Header-1024x385.jpg 1024w, https:\/\/animo.eu\/wp-content\/uploads\/2023\/10\/Animo-Water-Cooler-Header-300x113.jpg 300w, https:\/\/animo.eu\/wp-content\/uploads\/2023\/10\/Animo-Water-Cooler-Header-768x289.jpg 768w, https:\/\/animo.eu\/wp-content\/uploads\/2023\/10\/Animo-Water-Cooler-Header-1536x578.jpg 1536w, https:\/\/animo.eu\/wp-content\/uploads\/2023\/10\/Animo-Water-Cooler-Header-2048x770.jpg 2048w, https:\/\/animo.eu\/wp-content\/uploads\/2023\/10\/Animo-Water-Cooler-Header-70x26.jpg 70w, https:\/\/animo.eu\/wp-content\/uploads\/2023\/10\/Animo-Water-Cooler-Header-550x207.jpg 550w, https:\/\/animo.eu\/wp-content\/uploads\/2023\/10\/Animo-Water-Cooler-Header-800x301.jpg 800w, https:\/\/animo.eu\/wp-content\/uploads\/2023\/10\/Animo-Water-Cooler-Header-266x100.jpg 266w, https:\/\/animo.eu\/wp-content\/uploads\/2023\/10\/Animo-Water-Cooler-Header-150x56.jpg 150w\" sizes=\"(max-width: 1024px) 100vw, 1024px\" \/>                    <\/figure>\n                <\/div>\n                    <\/div>\n    <\/div>\n<\/section>\n\n\n\n<section  class=\"pane pane--white \">\n    <div class=\"container\">\n        <div class=\"row g-4 g-lg-8 g-xl-15 g-xxl-20  flex-lg-row-reverse\">\n                            <div class=\"col-12 col-lg-6\">\n                    <div class=\"pane__text\">\n                        <h2>Vandk\u00f8ler-snak<\/h2>\n<div class=\"uk-width-medium-1-2 align-mode-right\">\n<div class=\"content-container\">\n<div class=\"text\">\n<p>Snak om kaffemaskiner? Fra nu af taler vi om vandk\u00f8leren! Medarbejderne vil v\u00e6re tilbage p\u00e5 kontoret oftere fra nu af og indimellem g\u00e5 frem og tilbage efter et forfriskende glas vand. N\u00e5r det er tid til at str\u00e6kke benene, kan du snakke ved vandk\u00f8leren om sportsresultater, de seneste nyheder, den nye serie p\u00e5 Netflix (og vejret, selvf\u00f8lgelig). Smalltalk f\u00e5r hjernen til at blive stimuleret til at fokusere. Efter samtalen g\u00e5r medarbejderen skarpere, friskere og k\u00f8ligere tilbage til arbejdet. En win-win-situation.<\/p>\n<\/div>\n<\/div>\n<\/div>\n                                                \n                    <\/div>\n                <\/div>\n                                        <div class=\"col-12 col-lg\">\n                    <figure class=\"figure image_reversed\">\n                        <img decoding=\"async\" width=\"1024\" height=\"682\" src=\"https:\/\/animo.eu\/wp-content\/uploads\/2023\/10\/Images_office-cooler-chat-01--1024x682.jpg\" class=\"img-fluid\" alt=\"\" loading=\"lazy\" srcset=\"https:\/\/animo.eu\/wp-content\/uploads\/2023\/10\/Images_office-cooler-chat-01--1024x682.jpg 1024w, https:\/\/animo.eu\/wp-content\/uploads\/2023\/10\/Images_office-cooler-chat-01--300x200.jpg 300w, https:\/\/animo.eu\/wp-content\/uploads\/2023\/10\/Images_office-cooler-chat-01--768x511.jpg 768w, https:\/\/animo.eu\/wp-content\/uploads\/2023\/10\/Images_office-cooler-chat-01--1536x1022.jpg 1536w, https:\/\/animo.eu\/wp-content\/uploads\/2023\/10\/Images_office-cooler-chat-01--2048x1363.jpg 2048w, https:\/\/animo.eu\/wp-content\/uploads\/2023\/10\/Images_office-cooler-chat-01--70x47.jpg 70w, https:\/\/animo.eu\/wp-content\/uploads\/2023\/10\/Images_office-cooler-chat-01--550x366.jpg 550w, https:\/\/animo.eu\/wp-content\/uploads\/2023\/10\/Images_office-cooler-chat-01--800x532.jpg 800w, https:\/\/animo.eu\/wp-content\/uploads\/2023\/10\/Images_office-cooler-chat-01--150x100.jpg 150w\" sizes=\"(max-width: 1024px) 100vw, 1024px\" \/>                    <\/figure>\n                <\/div>\n                    <\/div>\n    <\/div>\n<\/section>\n","protected":false},"excerpt":{"rendered":"","protected":false},"author":21,"featured_media":33057,"comment_status":"closed","ping_status":"open","sticky":false,"template":"","format":"standard","meta":{"_acf_changed":false,"footnotes":""},"categories":[129],"tags":[],"class_list":["post-43066","post","type-post","status-publish","format-standard","has-post-thumbnail","hentry","category-blogs-da"],"acf":[],"yoast_head":"<!-- This site is optimized with the Yoast SEO plugin v25.5 - https:\/\/yoast.com\/wordpress\/plugins\/seo\/ -->\n<title>En vandk\u00f8ler p\u00e5 arbejdspladsen -<\/title>\n<meta name=\"description\" content=\"En vandk\u00f8ler p\u00e5 arbejdspladsen -\" \/>\n<meta name=\"robots\" content=\"index, follow, max-snippet:-1, max-image-preview:large, max-video-preview:-1\" \/>\n<link rel=\"canonical\" href=\"https:\/\/animo.eu\/da\/en-vandkoeler-paa-arbejdspladsen\/\" \/>\n<meta property=\"og:locale\" content=\"da_DK\" \/>\n<meta property=\"og:type\" content=\"article\" \/>\n<meta property=\"og:title\" content=\"En vandk\u00f8ler p\u00e5 arbejdspladsen -\" \/>\n<meta property=\"og:description\" content=\"En vandk\u00f8ler p\u00e5 arbejdspladsen -\" \/>\n<meta property=\"og:url\" content=\"https:\/\/animo.eu\/da\/en-vandkoeler-paa-arbejdspladsen\/\" \/>\n<meta property=\"article:publisher\" content=\"https:\/\/www.facebook.com\/animobv\/\" \/>\n<meta property=\"article:published_time\" content=\"2023-10-10T06:32:01+00:00\" \/>\n<meta property=\"article:modified_time\" content=\"2024-01-26T12:14:18+00:00\" \/>\n<meta property=\"og:image\" content=\"https:\/\/animo.eu\/wp-content\/uploads\/2023\/10\/Header-Opticool.jpg\" \/>\n\t<meta property=\"og:image:width\" content=\"2048\" \/>\n\t<meta property=\"og:image:height\" content=\"800\" \/>\n\t<meta property=\"og:image:type\" content=\"image\/jpeg\" \/>\n<meta name=\"author\" content=\"aveenstra@animo.nl\" \/>\n<meta name=\"twitter:card\" content=\"summary_large_image\" \/>\n<meta name=\"twitter:creator\" content=\"@animokoffie\" \/>\n<meta name=\"twitter:site\" content=\"@animokoffie\" \/>\n<meta name=\"twitter:label1\" content=\"Skrevet af\" \/>\n\t<meta name=\"twitter:data1\" content=\"aveenstra@animo.nl\" \/>\n\t<meta name=\"twitter:label2\" content=\"Estimeret l\u00e6setid\" \/>\n\t<meta name=\"twitter:data2\" content=\"1 minut\" \/>\n<script type=\"application\/ld+json\" class=\"yoast-schema-graph\">{\"@context\":\"https:\/\/schema.org\",\"@graph\":[{\"@type\":\"WebPage\",\"@id\":\"https:\/\/animo.eu\/da\/en-vandkoeler-paa-arbejdspladsen\/\",\"url\":\"https:\/\/animo.eu\/da\/en-vandkoeler-paa-arbejdspladsen\/\",\"name\":\"En vandk\u00f8ler p\u00e5 arbejdspladsen -\",\"isPartOf\":{\"@id\":\"https:\/\/animo.eu\/da\/#website\"},\"primaryImageOfPage\":{\"@id\":\"https:\/\/animo.eu\/da\/en-vandkoeler-paa-arbejdspladsen\/#primaryimage\"},\"image\":{\"@id\":\"https:\/\/animo.eu\/da\/en-vandkoeler-paa-arbejdspladsen\/#primaryimage\"},\"thumbnailUrl\":\"https:\/\/animo.eu\/wp-content\/uploads\/2023\/10\/Header-Opticool.jpg\",\"datePublished\":\"2023-10-10T06:32:01+00:00\",\"dateModified\":\"2024-01-26T12:14:18+00:00\",\"author\":{\"@id\":\"https:\/\/animo.eu\/da\/#\/schema\/person\/2cd03e59a6f65d94bc011d9a7253232c\"},\"description\":\"En vandk\u00f8ler p\u00e5 arbejdspladsen -\",\"breadcrumb\":{\"@id\":\"https:\/\/animo.eu\/da\/en-vandkoeler-paa-arbejdspladsen\/#breadcrumb\"},\"inLanguage\":\"da-DK\",\"potentialAction\":[{\"@type\":\"ReadAction\",\"target\":[\"https:\/\/animo.eu\/da\/en-vandkoeler-paa-arbejdspladsen\/\"]}]},{\"@type\":\"ImageObject\",\"inLanguage\":\"da-DK\",\"@id\":\"https:\/\/animo.eu\/da\/en-vandkoeler-paa-arbejdspladsen\/#primaryimage\",\"url\":\"https:\/\/animo.eu\/wp-content\/uploads\/2023\/10\/Header-Opticool.jpg\",\"contentUrl\":\"https:\/\/animo.eu\/wp-content\/uploads\/2023\/10\/Header-Opticool.jpg\",\"width\":2048,\"height\":800},{\"@type\":\"BreadcrumbList\",\"@id\":\"https:\/\/animo.eu\/da\/en-vandkoeler-paa-arbejdspladsen\/#breadcrumb\",\"itemListElement\":[{\"@type\":\"ListItem\",\"position\":1,\"name\":\"Home\",\"item\":\"https:\/\/animo.eu\/da\/\"},{\"@type\":\"ListItem\",\"position\":2,\"name\":\"En vandk\u00f8ler p\u00e5 arbejdspladsen\"}]},{\"@type\":\"WebSite\",\"@id\":\"https:\/\/animo.eu\/da\/#website\",\"url\":\"https:\/\/animo.eu\/da\/\",\"name\":\"\",\"description\":\"\",\"potentialAction\":[{\"@type\":\"SearchAction\",\"target\":{\"@type\":\"EntryPoint\",\"urlTemplate\":\"https:\/\/animo.eu\/da\/?s={search_term_string}\"},\"query-input\":{\"@type\":\"PropertyValueSpecification\",\"valueRequired\":true,\"valueName\":\"search_term_string\"}}],\"inLanguage\":\"da-DK\"},{\"@type\":\"Person\",\"@id\":\"https:\/\/animo.eu\/da\/#\/schema\/person\/2cd03e59a6f65d94bc011d9a7253232c\",\"name\":\"aveenstra@animo.nl\",\"image\":{\"@type\":\"ImageObject\",\"inLanguage\":\"da-DK\",\"@id\":\"https:\/\/animo.eu\/da\/#\/schema\/person\/image\/\",\"url\":\"https:\/\/secure.gravatar.com\/avatar\/16e9be75da25d22a7733234eef41238a?s=96&d=mm&r=g\",\"contentUrl\":\"https:\/\/secure.gravatar.com\/avatar\/16e9be75da25d22a7733234eef41238a?s=96&d=mm&r=g\",\"caption\":\"aveenstra@animo.nl\"},\"url\":\"https:\/\/animo.eu\/da\/author\/aveenstraanimo-nl\/\"}]}<\/script>\n<!-- \/ Yoast SEO plugin. -->","yoast_head_json":{"title":"En vandk\u00f8ler p\u00e5 arbejdspladsen -","description":"En vandk\u00f8ler p\u00e5 arbejdspladsen -","robots":{"index":"index","follow":"follow","max-snippet":"max-snippet:-1","max-image-preview":"max-image-preview:large","max-video-preview":"max-video-preview:-1"},"canonical":"https:\/\/animo.eu\/da\/en-vandkoeler-paa-arbejdspladsen\/","og_locale":"da_DK","og_type":"article","og_title":"En vandk\u00f8ler p\u00e5 arbejdspladsen -","og_description":"En vandk\u00f8ler p\u00e5 arbejdspladsen -","og_url":"https:\/\/animo.eu\/da\/en-vandkoeler-paa-arbejdspladsen\/","article_publisher":"https:\/\/www.facebook.com\/animobv\/","article_published_time":"2023-10-10T06:32:01+00:00","article_modified_time":"2024-01-26T12:14:18+00:00","og_image":[{"width":2048,"height":800,"url":"https:\/\/animo.eu\/wp-content\/uploads\/2023\/10\/Header-Opticool.jpg","type":"image\/jpeg"}],"author":"aveenstra@animo.nl","twitter_card":"summary_large_image","twitter_creator":"@animokoffie","twitter_site":"@animokoffie","twitter_misc":{"Skrevet af":"aveenstra@animo.nl","Estimeret l\u00e6setid":"1 minut"},"schema":{"@context":"https:\/\/schema.org","@graph":[{"@type":"WebPage","@id":"https:\/\/animo.eu\/da\/en-vandkoeler-paa-arbejdspladsen\/","url":"https:\/\/animo.eu\/da\/en-vandkoeler-paa-arbejdspladsen\/","name":"En vandk\u00f8ler p\u00e5 arbejdspladsen -","isPartOf":{"@id":"https:\/\/animo.eu\/da\/#website"},"primaryImageOfPage":{"@id":"https:\/\/animo.eu\/da\/en-vandkoeler-paa-arbejdspladsen\/#primaryimage"},"image":{"@id":"https:\/\/animo.eu\/da\/en-vandkoeler-paa-arbejdspladsen\/#primaryimage"},"thumbnailUrl":"https:\/\/animo.eu\/wp-content\/uploads\/2023\/10\/Header-Opticool.jpg","datePublished":"2023-10-10T06:32:01+00:00","dateModified":"2024-01-26T12:14:18+00:00","author":{"@id":"https:\/\/animo.eu\/da\/#\/schema\/person\/2cd03e59a6f65d94bc011d9a7253232c"},"description":"En vandk\u00f8ler p\u00e5 arbejdspladsen -","breadcrumb":{"@id":"https:\/\/animo.eu\/da\/en-vandkoeler-paa-arbejdspladsen\/#breadcrumb"},"inLanguage":"da-DK","potentialAction":[{"@type":"ReadAction","target":["https:\/\/animo.eu\/da\/en-vandkoeler-paa-arbejdspladsen\/"]}]},{"@type":"ImageObject","inLanguage":"da-DK","@id":"https:\/\/animo.eu\/da\/en-vandkoeler-paa-arbejdspladsen\/#primaryimage","url":"https:\/\/animo.eu\/wp-content\/uploads\/2023\/10\/Header-Opticool.jpg","contentUrl":"https:\/\/animo.eu\/wp-content\/uploads\/2023\/10\/Header-Opticool.jpg","width":2048,"height":800},{"@type":"BreadcrumbList","@id":"https:\/\/animo.eu\/da\/en-vandkoeler-paa-arbejdspladsen\/#breadcrumb","itemListElement":[{"@type":"ListItem","position":1,"name":"Home","item":"https:\/\/animo.eu\/da\/"},{"@type":"ListItem","position":2,"name":"En vandk\u00f8ler p\u00e5 arbejdspladsen"}]},{"@type":"WebSite","@id":"https:\/\/animo.eu\/da\/#website","url":"https:\/\/animo.eu\/da\/","name":"","description":"","potentialAction":[{"@type":"SearchAction","target":{"@type":"EntryPoint","urlTemplate":"https:\/\/animo.eu\/da\/?s={search_term_string}"},"query-input":{"@type":"PropertyValueSpecification","valueRequired":true,"valueName":"search_term_string"}}],"inLanguage":"da-DK"},{"@type":"Person","@id":"https:\/\/animo.eu\/da\/#\/schema\/person\/2cd03e59a6f65d94bc011d9a7253232c","name":"aveenstra@animo.nl","image":{"@type":"ImageObject","inLanguage":"da-DK","@id":"https:\/\/animo.eu\/da\/#\/schema\/person\/image\/","url":"https:\/\/secure.gravatar.com\/avatar\/16e9be75da25d22a7733234eef41238a?s=96&d=mm&r=g","contentUrl":"https:\/\/secure.gravatar.com\/avatar\/16e9be75da25d22a7733234eef41238a?s=96&d=mm&r=g","caption":"aveenstra@animo.nl"},"url":"https:\/\/animo.eu\/da\/author\/aveenstraanimo-nl\/"}]}},"_links":{"self":[{"href":"https:\/\/animo.eu\/da\/wp-json\/wp\/v2\/posts\/43066"}],"collection":[{"href":"https:\/\/animo.eu\/da\/wp-json\/wp\/v2\/posts"}],"about":[{"href":"https:\/\/animo.eu\/da\/wp-json\/wp\/v2\/types\/post"}],"author":[{"embeddable":true,"href":"https:\/\/animo.eu\/da\/wp-json\/wp\/v2\/users\/21"}],"replies":[{"embeddable":true,"href":"https:\/\/animo.eu\/da\/wp-json\/wp\/v2\/comments?post=43066"}],"version-history":[{"count":6,"href":"https:\/\/animo.eu\/da\/wp-json\/wp\/v2\/posts\/43066\/revisions"}],"predecessor-version":[{"id":48586,"href":"https:\/\/animo.eu\/da\/wp-json\/wp\/v2\/posts\/43066\/revisions\/48586"}],"wp:featuredmedia":[{"embeddable":true,"href":"https:\/\/animo.eu\/da\/wp-json\/wp\/v2\/media\/33057"}],"wp:attachment":[{"href":"https:\/\/animo.eu\/da\/wp-json\/wp\/v2\/media?parent=43066"}],"wp:term":[{"taxonomy":"category","embeddable":true,"href":"https:\/\/animo.eu\/da\/wp-json\/wp\/v2\/categories?post=43066"},{"taxonomy":"post_tag","embeddable":true,"href":"https:\/\/animo.eu\/da\/wp-json\/wp\/v2\/tags?post=43066"}],"curies":[{"name":"wp","href":"https:\/\/api.w.org\/{rel}","templated":true}]}}