{"id":43488,"date":"2023-11-02T15:56:31","date_gmt":"2023-11-02T14:56:31","guid":{"rendered":"https:\/\/animo.eu\/ribeye-med-kaffe-sub\/"},"modified":"2024-01-02T12:50:34","modified_gmt":"2024-01-02T11:50:34","slug":"ribeye-med-kaffe-sub","status":"publish","type":"post","link":"https:\/\/animo.eu\/da\/ribeye-med-kaffe-sub\/","title":{"rendered":"Ribeye med kaffe-sub"},"content":{"rendered":"\n<section  class=\"pane pane--tertiary \">\n    <div class=\"container\">\n        <div class=\"row g-4 g-lg-8 g-xl-15 justify-content-center\">\n                                                <div class=\"col-12 col-lg-8\">\n                        <div class=\"pane__text\">\n                            <h2>Ribeye med kaffe-sub<\/h2>\n                                                    <\/div>\n                    <\/div>\n                                    <\/div>\n    <\/div>\n<\/section>\n\n<section  class=\"pane pane--white \">\n    <div class=\"container\">\n        <div class=\"row g-4 g-lg-8 g-xl-15 justify-content-center\">\n                                                <div class=\"col-12 col-lg-6\">\n                        <div class=\"pane__text\">\n                            <div style=\"text-align: center\">Udover rejer med kaffekar er der ogs\u00e5 en l\u00e6kker opskrift<\/div>\n<div style=\"text-align: center\">Af ribeye med en kaffesandwich.<\/div>\n<div style=\"text-align: center\">Ideel til kaffeelskeren, eller hvis du vil tilf\u00f8je et strejf til din ribeye!<\/div>\n<div style=\"text-align: center\"><\/div>\n<div style=\"text-align: center\">  2 personer &#8211; 40 min forberedelse.<\/div>\n<div><img loading=\"lazy\" decoding=\"async\" class=\"alignnone size-medium wp-image-36835 aligncenter\" src=\"https:\/\/animo.eu\/wp-content\/uploads\/2023\/11\/pexels-farhad-ibrahimzade-8696466-300x300.jpg\" alt=\"\" width=\"300\" height=\"300\" srcset=\"https:\/\/animo.eu\/wp-content\/uploads\/2023\/11\/pexels-farhad-ibrahimzade-8696466-300x300.jpg 300w, https:\/\/animo.eu\/wp-content\/uploads\/2023\/11\/pexels-farhad-ibrahimzade-8696466-1024x1024.jpg 1024w, https:\/\/animo.eu\/wp-content\/uploads\/2023\/11\/pexels-farhad-ibrahimzade-8696466-150x150.jpg 150w, https:\/\/animo.eu\/wp-content\/uploads\/2023\/11\/pexels-farhad-ibrahimzade-8696466-768x768.jpg 768w, https:\/\/animo.eu\/wp-content\/uploads\/2023\/11\/pexels-farhad-ibrahimzade-8696466-1536x1536.jpg 1536w, https:\/\/animo.eu\/wp-content\/uploads\/2023\/11\/pexels-farhad-ibrahimzade-8696466-2048x2048.jpg 2048w, https:\/\/animo.eu\/wp-content\/uploads\/2023\/11\/pexels-farhad-ibrahimzade-8696466-70x70.jpg 70w, https:\/\/animo.eu\/wp-content\/uploads\/2023\/11\/pexels-farhad-ibrahimzade-8696466-550x550.jpg 550w, https:\/\/animo.eu\/wp-content\/uploads\/2023\/11\/pexels-farhad-ibrahimzade-8696466-800x800.jpg 800w, https:\/\/animo.eu\/wp-content\/uploads\/2023\/11\/pexels-farhad-ibrahimzade-8696466-100x100.jpg 100w, https:\/\/animo.eu\/wp-content\/uploads\/2023\/11\/pexels-farhad-ibrahimzade-8696466-1400x1400.jpg 1400w, https:\/\/animo.eu\/wp-content\/uploads\/2023\/11\/pexels-farhad-ibrahimzade-8696466-700x700.jpg 700w, https:\/\/animo.eu\/wp-content\/uploads\/2023\/11\/pexels-farhad-ibrahimzade-8696466-350x350.jpg 350w\" sizes=\"(max-width: 300px) 100vw, 300px\" \/><\/div>\n                                                    <\/div>\n                    <\/div>\n                                    <\/div>\n    <\/div>\n<\/section>\n\n<section  class=\"pane pane--tertiary \">\n    <div class=\"container\">\n        <div class=\"row g-4 g-lg-8 g-xl-15 justify-content-center\">\n                                                <div class=\"col-12 col-lg-6\">\n                        <div class=\"pane__text\">\n                            <p><em>S\u00e5dan laver du den<\/em><\/p>\n<ol>\n<li>Forvarm ovnen til 200 grader. Sk\u00e6r den s\u00f8de kartoffel i sm\u00e5 strimler, bland dem med olivenolie, og l\u00e6g dem p\u00e5 en bageplade drysset med salt og peber. Bages i ovnen i ca. 30 minutter, til de er spr\u00f8de.<\/li>\n<li>Bland alle ingredienserne til kaffe-rubben sammen i en sk\u00e5l, og mass\u00e9r k\u00f8det med den. Grill k\u00f8det i ca. 1,5 min. p\u00e5 grillpladen. Vend ogs\u00e5 k\u00f8det for at skabe et m\u00f8nster (1,5 min). Tag k\u00f8det af grillen, pak det ind i alufolie, og lad det st\u00e5 i 5 min.<\/li>\n<li>Sk\u00e6r ribeye i skiver, og drys med lidt havsalt for smagens skyld. Serv\u00e9r sammen med pommes frites.<\/li>\n<\/ol>\n<p>&nbsp;<\/p>\n<p><em>Ingredienser  <\/em><\/p>\n<ul>\n<li>1 stor s\u00f8d kartoffel skr\u00e6llet<\/li>\n<li>2 spsk olivenolie<\/li>\n<li>salt og peber<\/li>\n<li>2 ribeyes p\u00e5 ca. 200 g til kaffesubben<\/li>\n<li>1 spsk kaffe malet til espresso<\/li>\n<li>1 spsk chiliflager<\/li>\n<li>2 spsk brunt sukker<\/li>\n<li>1 spsk blandede peberkorn<\/li>\n<li>1 tsk hvidl\u00f8gspulver<\/li>\n<li>2 tsk havsalt<\/li>\n<\/ul>\n<p>&nbsp;<\/p>\n<p><em>Dette er, hvad du har brug for<\/em><\/p>\n<ul>\n<li>Bagepapir<\/li>\n<li>Aluminiumsfolie<\/li>\n<li>GRILL<\/li>\n<\/ul>\n                                                    <\/div>\n                    <\/div>\n                                    <\/div>\n    <\/div>\n<\/section>\n","protected":false},"excerpt":{"rendered":"","protected":false},"author":21,"featured_media":36836,"comment_status":"closed","ping_status":"open","sticky":false,"template":"","format":"standard","meta":{"_acf_changed":false,"footnotes":""},"categories":[122],"tags":[],"class_list":["post-43488","post","type-post","status-publish","format-standard","has-post-thumbnail","hentry","category-opskrifter"],"acf":[],"yoast_head":"<!-- This site is optimized with the Yoast SEO plugin v25.5 - https:\/\/yoast.com\/wordpress\/plugins\/seo\/ -->\n<title>Ribeye med kaffe-sub -<\/title>\n<meta name=\"description\" content=\"Ribeye med kaffe-sub -\" \/>\n<meta name=\"robots\" content=\"index, follow, max-snippet:-1, max-image-preview:large, max-video-preview:-1\" \/>\n<link rel=\"canonical\" href=\"https:\/\/animo.eu\/da\/ribeye-med-kaffe-sub\/\" \/>\n<meta property=\"og:locale\" content=\"da_DK\" \/>\n<meta property=\"og:type\" content=\"article\" \/>\n<meta property=\"og:title\" content=\"Ribeye med kaffe-sub -\" \/>\n<meta property=\"og:description\" content=\"Ribeye med kaffe-sub -\" \/>\n<meta property=\"og:url\" content=\"https:\/\/animo.eu\/da\/ribeye-med-kaffe-sub\/\" \/>\n<meta property=\"article:publisher\" content=\"https:\/\/www.facebook.com\/animobv\/\" \/>\n<meta property=\"article:published_time\" content=\"2023-11-02T14:56:31+00:00\" \/>\n<meta property=\"article:modified_time\" content=\"2024-01-02T11:50:34+00:00\" \/>\n<meta property=\"og:image\" content=\"https:\/\/animo.eu\/wp-content\/uploads\/2023\/11\/pexels-farhad-ibrahimzade-8696466.jpg\" \/>\n\t<meta property=\"og:image:width\" content=\"2240\" \/>\n\t<meta property=\"og:image:height\" content=\"2240\" \/>\n\t<meta property=\"og:image:type\" content=\"image\/jpeg\" \/>\n<meta name=\"author\" content=\"aveenstra@animo.nl\" \/>\n<meta name=\"twitter:card\" content=\"summary_large_image\" \/>\n<meta name=\"twitter:creator\" content=\"@animokoffie\" \/>\n<meta name=\"twitter:site\" content=\"@animokoffie\" \/>\n<meta name=\"twitter:label1\" content=\"Skrevet af\" \/>\n\t<meta name=\"twitter:data1\" content=\"aveenstra@animo.nl\" \/>\n<script type=\"application\/ld+json\" class=\"yoast-schema-graph\">{\"@context\":\"https:\/\/schema.org\",\"@graph\":[{\"@type\":\"WebPage\",\"@id\":\"https:\/\/animo.eu\/da\/ribeye-med-kaffe-sub\/\",\"url\":\"https:\/\/animo.eu\/da\/ribeye-med-kaffe-sub\/\",\"name\":\"Ribeye med kaffe-sub -\",\"isPartOf\":{\"@id\":\"https:\/\/animo.eu\/da\/#website\"},\"primaryImageOfPage\":{\"@id\":\"https:\/\/animo.eu\/da\/ribeye-med-kaffe-sub\/#primaryimage\"},\"image\":{\"@id\":\"https:\/\/animo.eu\/da\/ribeye-med-kaffe-sub\/#primaryimage\"},\"thumbnailUrl\":\"https:\/\/animo.eu\/wp-content\/uploads\/2023\/11\/pexels-farhad-ibrahimzade-8696466.jpg\",\"datePublished\":\"2023-11-02T14:56:31+00:00\",\"dateModified\":\"2024-01-02T11:50:34+00:00\",\"author\":{\"@id\":\"https:\/\/animo.eu\/da\/#\/schema\/person\/2cd03e59a6f65d94bc011d9a7253232c\"},\"description\":\"Ribeye med kaffe-sub -\",\"breadcrumb\":{\"@id\":\"https:\/\/animo.eu\/da\/ribeye-med-kaffe-sub\/#breadcrumb\"},\"inLanguage\":\"da-DK\",\"potentialAction\":[{\"@type\":\"ReadAction\",\"target\":[\"https:\/\/animo.eu\/da\/ribeye-med-kaffe-sub\/\"]}]},{\"@type\":\"ImageObject\",\"inLanguage\":\"da-DK\",\"@id\":\"https:\/\/animo.eu\/da\/ribeye-med-kaffe-sub\/#primaryimage\",\"url\":\"https:\/\/animo.eu\/wp-content\/uploads\/2023\/11\/pexels-farhad-ibrahimzade-8696466.jpg\",\"contentUrl\":\"https:\/\/animo.eu\/wp-content\/uploads\/2023\/11\/pexels-farhad-ibrahimzade-8696466.jpg\",\"width\":2240,\"height\":2240},{\"@type\":\"BreadcrumbList\",\"@id\":\"https:\/\/animo.eu\/da\/ribeye-med-kaffe-sub\/#breadcrumb\",\"itemListElement\":[{\"@type\":\"ListItem\",\"position\":1,\"name\":\"Home\",\"item\":\"https:\/\/animo.eu\/da\/\"},{\"@type\":\"ListItem\",\"position\":2,\"name\":\"Ribeye med kaffe-sub\"}]},{\"@type\":\"WebSite\",\"@id\":\"https:\/\/animo.eu\/da\/#website\",\"url\":\"https:\/\/animo.eu\/da\/\",\"name\":\"\",\"description\":\"\",\"potentialAction\":[{\"@type\":\"SearchAction\",\"target\":{\"@type\":\"EntryPoint\",\"urlTemplate\":\"https:\/\/animo.eu\/da\/?s={search_term_string}\"},\"query-input\":{\"@type\":\"PropertyValueSpecification\",\"valueRequired\":true,\"valueName\":\"search_term_string\"}}],\"inLanguage\":\"da-DK\"},{\"@type\":\"Person\",\"@id\":\"https:\/\/animo.eu\/da\/#\/schema\/person\/2cd03e59a6f65d94bc011d9a7253232c\",\"name\":\"aveenstra@animo.nl\",\"image\":{\"@type\":\"ImageObject\",\"inLanguage\":\"da-DK\",\"@id\":\"https:\/\/animo.eu\/da\/#\/schema\/person\/image\/\",\"url\":\"https:\/\/secure.gravatar.com\/avatar\/16e9be75da25d22a7733234eef41238a?s=96&d=mm&r=g\",\"contentUrl\":\"https:\/\/secure.gravatar.com\/avatar\/16e9be75da25d22a7733234eef41238a?s=96&d=mm&r=g\",\"caption\":\"aveenstra@animo.nl\"},\"url\":\"https:\/\/animo.eu\/da\/author\/aveenstraanimo-nl\/\"}]}<\/script>\n<!-- \/ Yoast SEO plugin. -->","yoast_head_json":{"title":"Ribeye med kaffe-sub -","description":"Ribeye med kaffe-sub -","robots":{"index":"index","follow":"follow","max-snippet":"max-snippet:-1","max-image-preview":"max-image-preview:large","max-video-preview":"max-video-preview:-1"},"canonical":"https:\/\/animo.eu\/da\/ribeye-med-kaffe-sub\/","og_locale":"da_DK","og_type":"article","og_title":"Ribeye med kaffe-sub -","og_description":"Ribeye med kaffe-sub -","og_url":"https:\/\/animo.eu\/da\/ribeye-med-kaffe-sub\/","article_publisher":"https:\/\/www.facebook.com\/animobv\/","article_published_time":"2023-11-02T14:56:31+00:00","article_modified_time":"2024-01-02T11:50:34+00:00","og_image":[{"width":2240,"height":2240,"url":"https:\/\/animo.eu\/wp-content\/uploads\/2023\/11\/pexels-farhad-ibrahimzade-8696466.jpg","type":"image\/jpeg"}],"author":"aveenstra@animo.nl","twitter_card":"summary_large_image","twitter_creator":"@animokoffie","twitter_site":"@animokoffie","twitter_misc":{"Skrevet af":"aveenstra@animo.nl"},"schema":{"@context":"https:\/\/schema.org","@graph":[{"@type":"WebPage","@id":"https:\/\/animo.eu\/da\/ribeye-med-kaffe-sub\/","url":"https:\/\/animo.eu\/da\/ribeye-med-kaffe-sub\/","name":"Ribeye med kaffe-sub -","isPartOf":{"@id":"https:\/\/animo.eu\/da\/#website"},"primaryImageOfPage":{"@id":"https:\/\/animo.eu\/da\/ribeye-med-kaffe-sub\/#primaryimage"},"image":{"@id":"https:\/\/animo.eu\/da\/ribeye-med-kaffe-sub\/#primaryimage"},"thumbnailUrl":"https:\/\/animo.eu\/wp-content\/uploads\/2023\/11\/pexels-farhad-ibrahimzade-8696466.jpg","datePublished":"2023-11-02T14:56:31+00:00","dateModified":"2024-01-02T11:50:34+00:00","author":{"@id":"https:\/\/animo.eu\/da\/#\/schema\/person\/2cd03e59a6f65d94bc011d9a7253232c"},"description":"Ribeye med kaffe-sub -","breadcrumb":{"@id":"https:\/\/animo.eu\/da\/ribeye-med-kaffe-sub\/#breadcrumb"},"inLanguage":"da-DK","potentialAction":[{"@type":"ReadAction","target":["https:\/\/animo.eu\/da\/ribeye-med-kaffe-sub\/"]}]},{"@type":"ImageObject","inLanguage":"da-DK","@id":"https:\/\/animo.eu\/da\/ribeye-med-kaffe-sub\/#primaryimage","url":"https:\/\/animo.eu\/wp-content\/uploads\/2023\/11\/pexels-farhad-ibrahimzade-8696466.jpg","contentUrl":"https:\/\/animo.eu\/wp-content\/uploads\/2023\/11\/pexels-farhad-ibrahimzade-8696466.jpg","width":2240,"height":2240},{"@type":"BreadcrumbList","@id":"https:\/\/animo.eu\/da\/ribeye-med-kaffe-sub\/#breadcrumb","itemListElement":[{"@type":"ListItem","position":1,"name":"Home","item":"https:\/\/animo.eu\/da\/"},{"@type":"ListItem","position":2,"name":"Ribeye med kaffe-sub"}]},{"@type":"WebSite","@id":"https:\/\/animo.eu\/da\/#website","url":"https:\/\/animo.eu\/da\/","name":"","description":"","potentialAction":[{"@type":"SearchAction","target":{"@type":"EntryPoint","urlTemplate":"https:\/\/animo.eu\/da\/?s={search_term_string}"},"query-input":{"@type":"PropertyValueSpecification","valueRequired":true,"valueName":"search_term_string"}}],"inLanguage":"da-DK"},{"@type":"Person","@id":"https:\/\/animo.eu\/da\/#\/schema\/person\/2cd03e59a6f65d94bc011d9a7253232c","name":"aveenstra@animo.nl","image":{"@type":"ImageObject","inLanguage":"da-DK","@id":"https:\/\/animo.eu\/da\/#\/schema\/person\/image\/","url":"https:\/\/secure.gravatar.com\/avatar\/16e9be75da25d22a7733234eef41238a?s=96&d=mm&r=g","contentUrl":"https:\/\/secure.gravatar.com\/avatar\/16e9be75da25d22a7733234eef41238a?s=96&d=mm&r=g","caption":"aveenstra@animo.nl"},"url":"https:\/\/animo.eu\/da\/author\/aveenstraanimo-nl\/"}]}},"_links":{"self":[{"href":"https:\/\/animo.eu\/da\/wp-json\/wp\/v2\/posts\/43488"}],"collection":[{"href":"https:\/\/animo.eu\/da\/wp-json\/wp\/v2\/posts"}],"about":[{"href":"https:\/\/animo.eu\/da\/wp-json\/wp\/v2\/types\/post"}],"author":[{"embeddable":true,"href":"https:\/\/animo.eu\/da\/wp-json\/wp\/v2\/users\/21"}],"replies":[{"embeddable":true,"href":"https:\/\/animo.eu\/da\/wp-json\/wp\/v2\/comments?post=43488"}],"version-history":[{"count":1,"href":"https:\/\/animo.eu\/da\/wp-json\/wp\/v2\/posts\/43488\/revisions"}],"predecessor-version":[{"id":43489,"href":"https:\/\/animo.eu\/da\/wp-json\/wp\/v2\/posts\/43488\/revisions\/43489"}],"wp:featuredmedia":[{"embeddable":true,"href":"https:\/\/animo.eu\/da\/wp-json\/wp\/v2\/media\/36836"}],"wp:attachment":[{"href":"https:\/\/animo.eu\/da\/wp-json\/wp\/v2\/media?parent=43488"}],"wp:term":[{"taxonomy":"category","embeddable":true,"href":"https:\/\/animo.eu\/da\/wp-json\/wp\/v2\/categories?post=43488"},{"taxonomy":"post_tag","embeddable":true,"href":"https:\/\/animo.eu\/da\/wp-json\/wp\/v2\/tags?post=43488"}],"curies":[{"name":"wp","href":"https:\/\/api.w.org\/{rel}","templated":true}]}}