{"id":114394,"date":"2026-08-31T13:42:12","date_gmt":"2026-08-31T11:42:12","guid":{"rendered":"https:\/\/animo.eu\/?post_type=news&#038;p=114394"},"modified":"2026-08-31T14:01:12","modified_gmt":"2026-08-31T12:01:12","slug":"animo-auf-der-suedback-2026-professionelle-kaffeeloesungen-fuer-moderne-baeckereien","status":"publish","type":"news","link":"https:\/\/animo.eu\/de\/nachrichten\/animo-auf-der-suedback-2026-professionelle-kaffeeloesungen-fuer-moderne-baeckereien\/","title":{"rendered":"Animo auf der S\u00fcdback 2026: Professionelle Kaffeel\u00f6sungen f\u00fcr moderne B\u00e4ckereien"},"content":{"rendered":"\n<section  class=\"pane pane--white \">\n    <div class=\"container\">\n        <div class=\"row g-4 g-lg-8 g-xl-15 justify-content-center\">\n                                                <div class=\"col-12 col-lg-8\">\n                        <div class=\"pane__text\">\n                            <h3><strong>Animo auf der S\u00fcdback 2026: Professionelle Kaffeel\u00f6sungen f\u00fcr moderne B\u00e4ckereien<\/strong><\/h3>\n<p><img loading=\"lazy\" decoding=\"async\" class=\"alignnone size-medium wp-image-114399\" src=\"https:\/\/animo.eu\/wp-content\/uploads\/2026\/08\/bakkerij-300x209.png\" alt=\"\" width=\"300\" height=\"209\" srcset=\"https:\/\/animo.eu\/wp-content\/uploads\/2026\/08\/bakkerij-300x209.png 300w, https:\/\/animo.eu\/wp-content\/uploads\/2026\/08\/bakkerij-70x49.png 70w, https:\/\/animo.eu\/wp-content\/uploads\/2026\/08\/bakkerij-550x384.png 550w, https:\/\/animo.eu\/wp-content\/uploads\/2026\/08\/bakkerij-143x100.png 143w, https:\/\/animo.eu\/wp-content\/uploads\/2026\/08\/bakkerij-150x105.png 150w, https:\/\/animo.eu\/wp-content\/uploads\/2026\/08\/bakkerij.png 562w\" sizes=\"auto, (max-width: 300px) 100vw, 300px\" \/><\/p>\n<p class=\"isSelectedEnd\"><strong>Vom 24. bis 27. Oktober 2026 ist Animo auf der S\u00fcdback in Stuttgart vertreten. Besuchen Sie uns in Halle 5, Stand 5C64, und entdecken Sie professionelle Kaffeel\u00f6sungen, die speziell auf die Anforderungen moderner B\u00e4ckereien zugeschnitten sind.<\/strong><\/p>\n<p class=\"isSelectedEnd\">Kaffee ist aus dem B\u00e4ckereibesuch vieler Kunden nicht mehr wegzudenken. Ob zum Fr\u00fchst\u00fcck, als Begleitung zu Geb\u00e4ck und Kuchen oder als Kaffee zum Mitnehmen: Die Nachfrage nach hochwertigen Kaffeespezialit\u00e4ten w\u00e4chst. Gleichzeitig steigen die Anforderungen an Qualit\u00e4t, Vielfalt und eine schnelle Zubereitung \u2013 auch bei hohem Kundenaufkommen.<\/p>\n<p class=\"isSelectedEnd\">Auf der <strong>S\u00fcdback 2026<\/strong>, der Fachmesse f\u00fcr B\u00e4ckerei und Konditorei, zeigt Animo, wie professionelle Kaffeel\u00f6sungen das Angebot von B\u00e4ckereien sinnvoll erg\u00e4nzen k\u00f6nnen. Am Stand <strong>5C64 in Halle 5<\/strong> k\u00f6nnen Besucher die Maschinen live erleben und sich pers\u00f6nlich \u00fcber die passenden L\u00f6sungen f\u00fcr ihren Betrieb informieren.<\/p>\n<h3>Kaffeel\u00f6sungen f\u00fcr unterschiedliche Anforderungen<\/h3>\n<p class=\"isSelectedEnd\">Animo pr\u00e4sentiert auf der S\u00fcdback unter anderem die <strong>OptiMe X<\/strong> und die <strong>OptiFresh<\/strong>. Beide Maschinen bieten unterschiedliche L\u00f6sungen f\u00fcr professionelle Kaffeeanwendungen und erm\u00f6glichen es B\u00e4ckereien, ihr Angebot um hochwertigen Kaffee und vielf\u00e4ltige Kaffeespezialit\u00e4ten zu erweitern.<\/p>\n<p class=\"isSelectedEnd\">Die <strong>OptiMe X<\/strong> steht dabei f\u00fcr frisch gemahlenen Kaffee \u2013 Tasse f\u00fcr Tasse. So k\u00f6nnen B\u00e4ckereien ihren Kunden frisch zubereiteten Kaffee mit gleichbleibender Qualit\u00e4t anbieten. Die OptiFresh erg\u00e4nzt das Angebot mit einer weiteren professionellen L\u00f6sung f\u00fcr Betriebe, die Wert auf Effizienz, Vielfalt und zuverl\u00e4ssige Kaffeequalit\u00e4t legen.<\/p>\n<p><img loading=\"lazy\" decoding=\"async\" class=\"alignnone size-medium wp-image-114410\" src=\"https:\/\/animo.eu\/wp-content\/uploads\/2026\/08\/Bakkerij-met-OF-200x300.png\" alt=\"\" width=\"200\" height=\"300\" srcset=\"https:\/\/animo.eu\/wp-content\/uploads\/2026\/08\/Bakkerij-met-OF-200x300.png 200w, https:\/\/animo.eu\/wp-content\/uploads\/2026\/08\/Bakkerij-met-OF-47x70.png 47w, https:\/\/animo.eu\/wp-content\/uploads\/2026\/08\/Bakkerij-met-OF-367x550.png 367w, https:\/\/animo.eu\/wp-content\/uploads\/2026\/08\/Bakkerij-met-OF-67x100.png 67w, https:\/\/animo.eu\/wp-content\/uploads\/2026\/08\/Bakkerij-met-OF-100x150.png 100w, https:\/\/animo.eu\/wp-content\/uploads\/2026\/08\/Bakkerij-met-OF.png 500w\" sizes=\"auto, (max-width: 200px) 100vw, 200px\" \/><\/p>\n<h3>Mehr Kaffeequalit\u00e4t \u2013 und zus\u00e4tzliches Umsatzpotenzial<\/h3>\n<p class=\"isSelectedEnd\">Mit einem attraktiven Kaffeeangebot k\u00f6nnen B\u00e4ckereien nicht nur die Erwartungen ihrer Kunden erf\u00fcllen, sondern auch zus\u00e4tzliche Umsatzpotenziale erschlie\u00dfen. Professionelle Kaffeel\u00f6sungen erm\u00f6glichen es, Kaffee und Kaffeespezialit\u00e4ten effizient in bestehende Abl\u00e4ufe zu integrieren \u2013 auch dann, wenn viele Kunden gleichzeitig bedient werden m\u00f6chten.<\/p>\n<p class=\"isSelectedEnd\"><strong>Besuchen Sie Animo auf der S\u00fcdback 2026 und entdecken Sie unsere Kaffeel\u00f6sungen live.<\/strong> Unser Team ber\u00e4t Sie gerne pers\u00f6nlich und zeigt Ihnen, welche L\u00f6sung zu den Anforderungen Ihrer B\u00e4ckerei passt.<\/p>\n<p class=\"isSelectedEnd\"><strong>S\u00fcdback 2026<\/strong><br \/>\n\ud83d\udcc5 24.\u201327. Oktober 2026<br \/>\n\ud83d\udccd Messe Stuttgart, Halle 5, Stand 5C64<\/p>\n<p><strong>Vereinbaren Sie schon jetzt einen Termin mit unserem Team und sichern Sie sich ein pers\u00f6nliches Beratungsgespr\u00e4ch auf der S\u00fcdback: <a href=\"mailto:info@animo-gmbh.de\">info@animo-gmbh.de<\/a><\/strong><\/p>\n<p>&nbsp;<\/p>\n<p>&nbsp;<\/p>\n<p><span class=\"visually-hidden\">Video Open Dag 25 m2024<\/span><\/p>\n                                                    <\/div>\n                    <\/div>\n                                    <\/div>\n    <\/div>\n<\/section>\n","protected":false},"featured_media":114419,"template":"","class_list":["post-114394","news","type-news","status-publish","has-post-thumbnail","hentry"],"acf":[],"yoast_head":"<!-- This site is optimized with the Yoast SEO plugin v28.3 - https:\/\/yoast.com\/product\/yoast-seo-wordpress\/ -->\n<title>Animo auf der S\u00fcdback 2026: Professionelle Kaffeel\u00f6sungen f\u00fcr moderne B\u00e4ckereien - Animo<\/title>\n<meta name=\"robots\" content=\"index, follow, max-snippet:-1, max-image-preview:large, max-video-preview:-1\" \/>\n<link rel=\"canonical\" href=\"https:\/\/animo.eu\/de\/nachrichten\/animo-auf-der-suedback-2026-professionelle-kaffeeloesungen-fuer-moderne-baeckereien\/\" \/>\n<meta property=\"og:locale\" content=\"de_DE\" \/>\n<meta property=\"og:type\" content=\"article\" \/>\n<meta property=\"og:title\" content=\"Animo auf der S\u00fcdback 2026: Professionelle Kaffeel\u00f6sungen f\u00fcr moderne B\u00e4ckereien - Animo\" \/>\n<meta property=\"og:url\" content=\"https:\/\/animo.eu\/de\/nachrichten\/animo-auf-der-suedback-2026-professionelle-kaffeeloesungen-fuer-moderne-baeckereien\/\" \/>\n<meta property=\"og:site_name\" content=\"Animo\" \/>\n<meta property=\"article:publisher\" content=\"https:\/\/www.facebook.com\/animobv\/\" \/>\n<meta property=\"article:modified_time\" content=\"2026-08-31T12:01:12+00:00\" \/>\n<meta property=\"og:image\" content=\"https:\/\/animo.eu\/wp-content\/uploads\/2026\/08\/Latte-Konditirei-1.jpg\" \/>\n\t<meta property=\"og:image:width\" content=\"1402\" \/>\n\t<meta property=\"og:image:height\" content=\"1122\" \/>\n\t<meta property=\"og:image:type\" content=\"image\/jpeg\" \/>\n<meta name=\"twitter:card\" content=\"summary_large_image\" \/>\n<meta name=\"twitter:site\" content=\"@animokoffie\" \/>\n<meta name=\"twitter:label1\" content=\"Gesch\u00e4tzte Lesezeit\" \/>\n\t<meta name=\"twitter:data1\" content=\"1\u00a0Minute\" \/>\n<script type=\"application\/ld+json\" class=\"yoast-schema-graph\">{\"@context\":\"https:\\\/\\\/schema.org\",\"@graph\":[{\"@type\":\"WebPage\",\"@id\":\"https:\\\/\\\/animo.eu\\\/de\\\/nachrichten\\\/animo-auf-der-suedback-2026-professionelle-kaffeeloesungen-fuer-moderne-baeckereien\\\/\",\"url\":\"https:\\\/\\\/animo.eu\\\/de\\\/nachrichten\\\/animo-auf-der-suedback-2026-professionelle-kaffeeloesungen-fuer-moderne-baeckereien\\\/\",\"name\":\"Animo auf der S\u00fcdback 2026: Professionelle Kaffeel\u00f6sungen f\u00fcr moderne B\u00e4ckereien - Animo\",\"isPartOf\":{\"@id\":\"https:\\\/\\\/animo.eu\\\/de\\\/#website\"},\"primaryImageOfPage\":{\"@id\":\"https:\\\/\\\/animo.eu\\\/de\\\/nachrichten\\\/animo-auf-der-suedback-2026-professionelle-kaffeeloesungen-fuer-moderne-baeckereien\\\/#primaryimage\"},\"image\":{\"@id\":\"https:\\\/\\\/animo.eu\\\/de\\\/nachrichten\\\/animo-auf-der-suedback-2026-professionelle-kaffeeloesungen-fuer-moderne-baeckereien\\\/#primaryimage\"},\"thumbnailUrl\":\"https:\\\/\\\/animo.eu\\\/wp-content\\\/uploads\\\/2026\\\/08\\\/Latte-Konditirei-1.jpg\",\"datePublished\":\"2026-08-31T11:42:12+00:00\",\"dateModified\":\"2026-08-31T12:01:12+00:00\",\"breadcrumb\":{\"@id\":\"https:\\\/\\\/animo.eu\\\/de\\\/nachrichten\\\/animo-auf-der-suedback-2026-professionelle-kaffeeloesungen-fuer-moderne-baeckereien\\\/#breadcrumb\"},\"inLanguage\":\"de\",\"potentialAction\":[{\"@type\":\"ReadAction\",\"target\":[\"https:\\\/\\\/animo.eu\\\/de\\\/nachrichten\\\/animo-auf-der-suedback-2026-professionelle-kaffeeloesungen-fuer-moderne-baeckereien\\\/\"]}]},{\"@type\":\"ImageObject\",\"inLanguage\":\"de\",\"@id\":\"https:\\\/\\\/animo.eu\\\/de\\\/nachrichten\\\/animo-auf-der-suedback-2026-professionelle-kaffeeloesungen-fuer-moderne-baeckereien\\\/#primaryimage\",\"url\":\"https:\\\/\\\/animo.eu\\\/wp-content\\\/uploads\\\/2026\\\/08\\\/Latte-Konditirei-1.jpg\",\"contentUrl\":\"https:\\\/\\\/animo.eu\\\/wp-content\\\/uploads\\\/2026\\\/08\\\/Latte-Konditirei-1.jpg\",\"width\":1402,\"height\":1122},{\"@type\":\"BreadcrumbList\",\"@id\":\"https:\\\/\\\/animo.eu\\\/de\\\/nachrichten\\\/animo-auf-der-suedback-2026-professionelle-kaffeeloesungen-fuer-moderne-baeckereien\\\/#breadcrumb\",\"itemListElement\":[{\"@type\":\"ListItem\",\"position\":1,\"name\":\"Home\",\"item\":\"https:\\\/\\\/animo.eu\\\/de\\\/\"},{\"@type\":\"ListItem\",\"position\":2,\"name\":\"Nachrichten\",\"item\":\"https:\\\/\\\/animo.eu\\\/de\\\/nachrichten\\\/\"},{\"@type\":\"ListItem\",\"position\":3,\"name\":\"Animo auf der S\u00fcdback 2026: Professionelle Kaffeel\u00f6sungen f\u00fcr moderne B\u00e4ckereien\"}]},{\"@type\":\"WebSite\",\"@id\":\"https:\\\/\\\/animo.eu\\\/de\\\/#website\",\"url\":\"https:\\\/\\\/animo.eu\\\/de\\\/\",\"name\":\"Animo\",\"description\":\"\",\"potentialAction\":[{\"@type\":\"SearchAction\",\"target\":{\"@type\":\"EntryPoint\",\"urlTemplate\":\"https:\\\/\\\/animo.eu\\\/de\\\/?s={search_term_string}\"},\"query-input\":{\"@type\":\"PropertyValueSpecification\",\"valueRequired\":true,\"valueName\":\"search_term_string\"}}],\"inLanguage\":\"de\"}]}<\/script>\n<!-- \/ Yoast SEO plugin. -->","yoast_head_json":{"title":"Animo auf der S\u00fcdback 2026: Professionelle Kaffeel\u00f6sungen f\u00fcr moderne B\u00e4ckereien - Animo","robots":{"index":"index","follow":"follow","max-snippet":"max-snippet:-1","max-image-preview":"max-image-preview:large","max-video-preview":"max-video-preview:-1"},"canonical":"https:\/\/animo.eu\/de\/nachrichten\/animo-auf-der-suedback-2026-professionelle-kaffeeloesungen-fuer-moderne-baeckereien\/","og_locale":"de_DE","og_type":"article","og_title":"Animo auf der S\u00fcdback 2026: Professionelle Kaffeel\u00f6sungen f\u00fcr moderne B\u00e4ckereien - Animo","og_url":"https:\/\/animo.eu\/de\/nachrichten\/animo-auf-der-suedback-2026-professionelle-kaffeeloesungen-fuer-moderne-baeckereien\/","og_site_name":"Animo","article_publisher":"https:\/\/www.facebook.com\/animobv\/","article_modified_time":"2026-08-31T12:01:12+00:00","og_image":[{"width":1402,"height":1122,"url":"https:\/\/animo.eu\/wp-content\/uploads\/2026\/08\/Latte-Konditirei-1.jpg","type":"image\/jpeg"}],"twitter_card":"summary_large_image","twitter_site":"@animokoffie","twitter_misc":{"Gesch\u00e4tzte Lesezeit":"1\u00a0Minute"},"schema":{"@context":"https:\/\/schema.org","@graph":[{"@type":"WebPage","@id":"https:\/\/animo.eu\/de\/nachrichten\/animo-auf-der-suedback-2026-professionelle-kaffeeloesungen-fuer-moderne-baeckereien\/","url":"https:\/\/animo.eu\/de\/nachrichten\/animo-auf-der-suedback-2026-professionelle-kaffeeloesungen-fuer-moderne-baeckereien\/","name":"Animo auf der S\u00fcdback 2026: Professionelle Kaffeel\u00f6sungen f\u00fcr moderne B\u00e4ckereien - Animo","isPartOf":{"@id":"https:\/\/animo.eu\/de\/#website"},"primaryImageOfPage":{"@id":"https:\/\/animo.eu\/de\/nachrichten\/animo-auf-der-suedback-2026-professionelle-kaffeeloesungen-fuer-moderne-baeckereien\/#primaryimage"},"image":{"@id":"https:\/\/animo.eu\/de\/nachrichten\/animo-auf-der-suedback-2026-professionelle-kaffeeloesungen-fuer-moderne-baeckereien\/#primaryimage"},"thumbnailUrl":"https:\/\/animo.eu\/wp-content\/uploads\/2026\/08\/Latte-Konditirei-1.jpg","datePublished":"2026-08-31T11:42:12+00:00","dateModified":"2026-08-31T12:01:12+00:00","breadcrumb":{"@id":"https:\/\/animo.eu\/de\/nachrichten\/animo-auf-der-suedback-2026-professionelle-kaffeeloesungen-fuer-moderne-baeckereien\/#breadcrumb"},"inLanguage":"de","potentialAction":[{"@type":"ReadAction","target":["https:\/\/animo.eu\/de\/nachrichten\/animo-auf-der-suedback-2026-professionelle-kaffeeloesungen-fuer-moderne-baeckereien\/"]}]},{"@type":"ImageObject","inLanguage":"de","@id":"https:\/\/animo.eu\/de\/nachrichten\/animo-auf-der-suedback-2026-professionelle-kaffeeloesungen-fuer-moderne-baeckereien\/#primaryimage","url":"https:\/\/animo.eu\/wp-content\/uploads\/2026\/08\/Latte-Konditirei-1.jpg","contentUrl":"https:\/\/animo.eu\/wp-content\/uploads\/2026\/08\/Latte-Konditirei-1.jpg","width":1402,"height":1122},{"@type":"BreadcrumbList","@id":"https:\/\/animo.eu\/de\/nachrichten\/animo-auf-der-suedback-2026-professionelle-kaffeeloesungen-fuer-moderne-baeckereien\/#breadcrumb","itemListElement":[{"@type":"ListItem","position":1,"name":"Home","item":"https:\/\/animo.eu\/de\/"},{"@type":"ListItem","position":2,"name":"Nachrichten","item":"https:\/\/animo.eu\/de\/nachrichten\/"},{"@type":"ListItem","position":3,"name":"Animo auf der S\u00fcdback 2026: Professionelle Kaffeel\u00f6sungen f\u00fcr moderne B\u00e4ckereien"}]},{"@type":"WebSite","@id":"https:\/\/animo.eu\/de\/#website","url":"https:\/\/animo.eu\/de\/","name":"Animo","description":"","potentialAction":[{"@type":"SearchAction","target":{"@type":"EntryPoint","urlTemplate":"https:\/\/animo.eu\/de\/?s={search_term_string}"},"query-input":{"@type":"PropertyValueSpecification","valueRequired":true,"valueName":"search_term_string"}}],"inLanguage":"de"}]}},"_links":{"self":[{"href":"https:\/\/animo.eu\/de\/wp-json\/wp\/v2\/news\/114394","targetHints":{"allow":["GET"]}}],"collection":[{"href":"https:\/\/animo.eu\/de\/wp-json\/wp\/v2\/news"}],"about":[{"href":"https:\/\/animo.eu\/de\/wp-json\/wp\/v2\/types\/news"}],"version-history":[{"count":6,"href":"https:\/\/animo.eu\/de\/wp-json\/wp\/v2\/news\/114394\/revisions"}],"predecessor-version":[{"id":114431,"href":"https:\/\/animo.eu\/de\/wp-json\/wp\/v2\/news\/114394\/revisions\/114431"}],"wp:featuredmedia":[{"embeddable":true,"href":"https:\/\/animo.eu\/de\/wp-json\/wp\/v2\/media\/114419"}],"wp:attachment":[{"href":"https:\/\/animo.eu\/de\/wp-json\/wp\/v2\/media?parent=114394"}],"curies":[{"name":"wp","href":"https:\/\/api.w.org\/{rel}","templated":true}]}}