{"id":42771,"date":"2023-01-10T15:01:57","date_gmt":"2023-01-10T14:01:57","guid":{"rendered":"https:\/\/animo.eu\/ein-arbeitstag-im-leben-von-arnoud\/"},"modified":"2023-12-18T14:56:50","modified_gmt":"2023-12-18T13:56:50","slug":"ein-arbeitstag-im-leben-von-arnoud","status":"publish","type":"post","link":"https:\/\/animo.eu\/de\/ein-arbeitstag-im-leben-von-arnoud\/","title":{"rendered":"Ein Arbeitstag im Leben von Arnoud"},"content":{"rendered":"\n<section  class=\"pane pane--tertiary \">\n    <div class=\"container\">\n        <div class=\"row g-4 g-lg-8 g-xl-15 justify-content-center\">\n                                                <div class=\"col-12 col-lg-8\">\n                        <div class=\"pane__text\">\n                            <h2>In diesem neuen Blog f\u00fchren wir Sie durch einen Arbeitstag im Leben von Arnoud<\/h2>\n                                                    <\/div>\n                    <\/div>\n                                    <\/div>\n    <\/div>\n<\/section>\n\n<section  class=\"pane pane--white \">\n    <div class=\"container\">\n        <div class=\"row g-4 g-lg-8 g-xl-15 g-xxl-20  \">\n                            <div class=\"col-12 col-lg-6\">\n                    <div class=\"pane__text\">\n                        <h2>Der Kundenbetreuer bei Animo<\/h2>\n<p>Am Vorabend schaue ich mir oft den Terminkalender f\u00fcr den n\u00e4chsten Tag an, damit ich wei\u00df, wohin ich fahren muss, um den Verkehr oder die Strecke zu ber\u00fccksichtigen, die ich fahren muss. Je nachdem, wann und wo ich sein muss, fahre ich von zu Hause zum Kunden\/H\u00e4ndler.<\/p>\n<p>Die Anzahl der Termine h\u00e4ngt stark von der Art der Anrufe ab, unser Ziel ist es, drei Termine an einem Tag wahrzunehmen.<\/p>\n<p>Es gibt immer einen Grund oder einen Zweck f\u00fcr die Vereinbarung eines Termins, z. B. Zusammenarbeit, ein neues Produkt, r\u00fcckl\u00e4ufige Ums\u00e4tze, steigende Ums\u00e4tze oder der Wunsch, ein bestimmtes Produkt nicht mehr zu f\u00fchren. Der rote Faden ist immer der Handel.<\/p>\n                                                \n                    <\/div>\n                <\/div>\n                                        <div class=\"col-12 col-lg\">\n                    <figure class=\"figure \">\n                        <img decoding=\"async\" width=\"1024\" height=\"1024\" src=\"https:\/\/animo.eu\/wp-content\/uploads\/2023\/01\/Arnoud-Bos-BLog-1024x1024.png\" class=\"img-fluid\" alt=\"\" loading=\"lazy\" srcset=\"https:\/\/animo.eu\/wp-content\/uploads\/2023\/01\/Arnoud-Bos-BLog-1024x1024.png 1024w, https:\/\/animo.eu\/wp-content\/uploads\/2023\/01\/Arnoud-Bos-BLog-300x300.png 300w, https:\/\/animo.eu\/wp-content\/uploads\/2023\/01\/Arnoud-Bos-BLog-150x150.png 150w, https:\/\/animo.eu\/wp-content\/uploads\/2023\/01\/Arnoud-Bos-BLog-768x768.png 768w, https:\/\/animo.eu\/wp-content\/uploads\/2023\/01\/Arnoud-Bos-BLog-70x70.png 70w, https:\/\/animo.eu\/wp-content\/uploads\/2023\/01\/Arnoud-Bos-BLog-550x550.png 550w, https:\/\/animo.eu\/wp-content\/uploads\/2023\/01\/Arnoud-Bos-BLog-800x800.png 800w, https:\/\/animo.eu\/wp-content\/uploads\/2023\/01\/Arnoud-Bos-BLog-100x100.png 100w, https:\/\/animo.eu\/wp-content\/uploads\/2023\/01\/Arnoud-Bos-BLog-700x700.png 700w, https:\/\/animo.eu\/wp-content\/uploads\/2023\/01\/Arnoud-Bos-BLog-350x350.png 350w, https:\/\/animo.eu\/wp-content\/uploads\/2023\/01\/Arnoud-Bos-BLog.png 1122w\" sizes=\"(max-width: 1024px) 100vw, 1024px\" \/>                    <\/figure>\n                <\/div>\n                    <\/div>\n    <\/div>\n<\/section>\n\n<section  class=\"pane pane--tertiary \">\n    <div class=\"container\">\n        <div class=\"row g-4 g-lg-8 g-xl-15 g-xxl-20  flex-lg-row-reverse\">\n                            <div class=\"col-12 col-lg-6\">\n                    <div class=\"pane__text\">\n                        <h2>Auf dem Weg zum Kunden<\/h2>\n<div><strong>7.45 Uhr &#8211; Das Auto wird warm und ich beginne meine Fahrt<\/strong><\/div>\n<div>Morgens, bevor ich mich ins Auto setze, um zu meinen Kunden zu fahren, pr\u00fcfe ich die neuesten Verkehrsinformationen und meine Post. Dann fahre ich zum ersten Termin des Tages. W\u00e4hrend einer solchen Fahrt rufe ich unsere Kollegen im Innendienst an, um herauszufinden, ob es an diesem Tag irgendwelche Besonderheiten gibt oder ob es irgendwelche interessanten Punkte gibt, die ich beim Kundengespr\u00e4ch ber\u00fccksichtigen kann.<\/div>\n<div><\/div>\n<div><strong>9.30 Uhr &#8211; Erster Termin des Tages<\/strong><\/div>\n<div>Beim Kunden angekommen, trinke ich erst einmal eine sch\u00f6ne Tasse Kaffee. Danach werden die laufenden Probleme zwischen dem H\u00e4ndler und Animo besprochen. Die Termine, die ich mit meinen Kunden habe, sind inhaltlich sehr unterschiedlich. Wir f\u00fchren zum Beispiel j\u00e4hrliche Gespr\u00e4che, in denen wir auf das vergangene Jahr zur\u00fcckblicken und einen Ausblick auf neue Entwicklungen im kommenden Jahr geben.<\/div>\n                                                \n                    <\/div>\n                <\/div>\n                                        <div class=\"col-12 col-lg\">\n                    <figure class=\"figure image_reversed\">\n                        <img decoding=\"async\" width=\"1024\" height=\"1024\" src=\"https:\/\/animo.eu\/wp-content\/uploads\/2023\/01\/Arnould_op_het_werk-1024x1024.png\" class=\"img-fluid\" alt=\"\" loading=\"lazy\" srcset=\"https:\/\/animo.eu\/wp-content\/uploads\/2023\/01\/Arnould_op_het_werk-1024x1024.png 1024w, https:\/\/animo.eu\/wp-content\/uploads\/2023\/01\/Arnould_op_het_werk-300x300.png 300w, https:\/\/animo.eu\/wp-content\/uploads\/2023\/01\/Arnould_op_het_werk-150x150.png 150w, https:\/\/animo.eu\/wp-content\/uploads\/2023\/01\/Arnould_op_het_werk-768x768.png 768w, https:\/\/animo.eu\/wp-content\/uploads\/2023\/01\/Arnould_op_het_werk-70x70.png 70w, https:\/\/animo.eu\/wp-content\/uploads\/2023\/01\/Arnould_op_het_werk-550x550.png 550w, https:\/\/animo.eu\/wp-content\/uploads\/2023\/01\/Arnould_op_het_werk-800x800.png 800w, https:\/\/animo.eu\/wp-content\/uploads\/2023\/01\/Arnould_op_het_werk-100x100.png 100w, https:\/\/animo.eu\/wp-content\/uploads\/2023\/01\/Arnould_op_het_werk-700x700.png 700w, https:\/\/animo.eu\/wp-content\/uploads\/2023\/01\/Arnould_op_het_werk-350x350.png 350w, https:\/\/animo.eu\/wp-content\/uploads\/2023\/01\/Arnould_op_het_werk.png 1122w\" sizes=\"(max-width: 1024px) 100vw, 1024px\" \/>                    <\/figure>\n                <\/div>\n                    <\/div>\n    <\/div>\n<\/section>\n\n<section  class=\"pane pane--white \">\n    <div class=\"container\">\n        <div class=\"row g-4 g-lg-8 g-xl-15 g-xxl-20  \">\n                            <div class=\"col-12 col-lg-6\">\n                    <div class=\"pane__text\">\n                        <h2>Die Ausschreibung<\/h2>\n<div>\n<div><strong>11.00 Uhr &#8211; Zweiter Termin<\/strong><\/div>\n<div>Die Vereinbarung, die ich mit dem H\u00e4ndler getroffen habe, besteht darin, ihn mit einem Angebot zu begleiten. Eine Institution hat eine private Ausschreibung ver\u00f6ffentlicht, und auf der Grundlage des Anforderungsprogramms (PVE) werde ich dem H\u00e4ndler helfen, die richtige Ausr\u00fcstung anzubieten. Wir gehen auch alle Punkte der PVE durch, um die bestm\u00f6gliche Erf\u00fcllung dieser Ausschreibung zu gew\u00e4hrleisten. Ich stelle auch alle angeforderten Unterlagen wie CSR-Dokumente und Nachhaltigkeitsinformationen zur Verf\u00fcgung.<\/div>\n<div><\/div>\n<div><strong>12.15 Uhr &#8211; Auf dem Weg zum dritten Termin und eine kurze Pause<\/strong><\/div>\n<div>Nach dem letzten Termin fahre ich zu meinem dritten Termin, auf dem Weg dorthin steige ich aus dem Auto und esse ein Sandwich. In der Mittagspause lese ich meine Post durch und mache ein paar R\u00fcckrufe.<\/div>\n<\/div>\n                                                \n                    <\/div>\n                <\/div>\n                                        <div class=\"col-12 col-lg\">\n                    <figure class=\"figure \">\n                        <img decoding=\"async\" width=\"1024\" height=\"1024\" src=\"https:\/\/animo.eu\/wp-content\/uploads\/2023\/01\/Contract-1024x1024.png\" class=\"img-fluid\" alt=\"\" loading=\"lazy\" srcset=\"https:\/\/animo.eu\/wp-content\/uploads\/2023\/01\/Contract-1024x1024.png 1024w, https:\/\/animo.eu\/wp-content\/uploads\/2023\/01\/Contract-300x300.png 300w, https:\/\/animo.eu\/wp-content\/uploads\/2023\/01\/Contract-150x150.png 150w, https:\/\/animo.eu\/wp-content\/uploads\/2023\/01\/Contract-768x768.png 768w, https:\/\/animo.eu\/wp-content\/uploads\/2023\/01\/Contract-70x70.png 70w, https:\/\/animo.eu\/wp-content\/uploads\/2023\/01\/Contract-550x550.png 550w, https:\/\/animo.eu\/wp-content\/uploads\/2023\/01\/Contract-800x800.png 800w, https:\/\/animo.eu\/wp-content\/uploads\/2023\/01\/Contract-100x100.png 100w, https:\/\/animo.eu\/wp-content\/uploads\/2023\/01\/Contract-700x700.png 700w, https:\/\/animo.eu\/wp-content\/uploads\/2023\/01\/Contract-350x350.png 350w, https:\/\/animo.eu\/wp-content\/uploads\/2023\/01\/Contract.png 1122w\" sizes=\"(max-width: 1024px) 100vw, 1024px\" \/>                    <\/figure>\n                <\/div>\n                    <\/div>\n    <\/div>\n<\/section>\n\n<section  class=\"pane pane--tertiary \">\n    <div class=\"container\">\n        <div class=\"row g-4 g-lg-8 g-xl-15 g-xxl-20  flex-lg-row-reverse\">\n                            <div class=\"col-12 col-lg-6\">\n                    <div class=\"pane__text\">\n                        <h2>Versuchsweise Platzierung der OptiBean X<\/h2>\n<div>\n<div>\n<div><strong>13.30 Uhr &#8211; Dritter Termin<\/strong><\/div>\n<div>F\u00fcr heute Nachmittag ist ein Probeeinsatz mit einer <a href=\"https:\/\/animo.eu\/de\/kaffeemaschinen-2\/optibean-x\/\">OptiBean X<\/a> geplant. Ich gehe mit dem H\u00e4ndler zu einem seiner Endkunden, um eine Probeplatzierung vorzunehmen. Anschlie\u00dfend wird der Automat nach den W\u00fcnschen des Endkunden und des H\u00e4ndlers aufgestellt und erkl\u00e4rt. Der Automat kann dann f\u00fcr einen Zeitraum von etwa zwei Wochen stehen gelassen werden, damit der Endkunde einen guten Eindruck von dem Automaten und seiner Funktionsweise bekommt.<\/div>\n<div><\/div>\n<div><strong>16:30 &#8211; Wieder zu Hause<\/strong><\/div>\n<div>Ich setze mich immer noch an den Computer und bearbeite E-Mails, au\u00dferdem werfe ich einen Blick auf morgen. Welche Termine f\u00fcr diesen Tag geplant sind und wie ich mich darauf vorbereite.<\/div>\n<\/div>\n<\/div>\n                                                \n                    <\/div>\n                <\/div>\n                                        <div class=\"col-12 col-lg\">\n                    <figure class=\"figure image_reversed\">\n                        <img decoding=\"async\" width=\"1024\" height=\"1024\" src=\"https:\/\/animo.eu\/wp-content\/uploads\/2023\/01\/OptiBean-X-BPZ_wit-1024x1024.png\" class=\"img-fluid\" alt=\"\" loading=\"lazy\" srcset=\"https:\/\/animo.eu\/wp-content\/uploads\/2023\/01\/OptiBean-X-BPZ_wit-1024x1024.png 1024w, https:\/\/animo.eu\/wp-content\/uploads\/2023\/01\/OptiBean-X-BPZ_wit-300x300.png 300w, https:\/\/animo.eu\/wp-content\/uploads\/2023\/01\/OptiBean-X-BPZ_wit-150x150.png 150w, https:\/\/animo.eu\/wp-content\/uploads\/2023\/01\/OptiBean-X-BPZ_wit-768x768.png 768w, https:\/\/animo.eu\/wp-content\/uploads\/2023\/01\/OptiBean-X-BPZ_wit-70x70.png 70w, https:\/\/animo.eu\/wp-content\/uploads\/2023\/01\/OptiBean-X-BPZ_wit-550x550.png 550w, https:\/\/animo.eu\/wp-content\/uploads\/2023\/01\/OptiBean-X-BPZ_wit-800x800.png 800w, https:\/\/animo.eu\/wp-content\/uploads\/2023\/01\/OptiBean-X-BPZ_wit-100x100.png 100w, https:\/\/animo.eu\/wp-content\/uploads\/2023\/01\/OptiBean-X-BPZ_wit-700x700.png 700w, https:\/\/animo.eu\/wp-content\/uploads\/2023\/01\/OptiBean-X-BPZ_wit-350x350.png 350w, https:\/\/animo.eu\/wp-content\/uploads\/2023\/01\/OptiBean-X-BPZ_wit.png 1122w\" sizes=\"(max-width: 1024px) 100vw, 1024px\" \/>                    <\/figure>\n                <\/div>\n                    <\/div>\n    <\/div>\n<\/section>\n","protected":false},"excerpt":{"rendered":"","protected":false},"author":1,"featured_media":41283,"comment_status":"closed","ping_status":"open","sticky":false,"template":"","format":"standard","meta":{"_acf_changed":false,"footnotes":""},"categories":[119],"tags":[],"class_list":["post-42771","post","type-post","status-publish","format-standard","has-post-thumbnail","hentry","category-der-arbeitstag-der"],"acf":[],"yoast_head":"<!-- This site is optimized with the Yoast SEO plugin v25.5 - https:\/\/yoast.com\/wordpress\/plugins\/seo\/ -->\n<title>Ein Arbeitstag im Leben von Arnoud -<\/title>\n<meta name=\"description\" content=\"Ein Arbeitstag im Leben von Arnoud -\" \/>\n<meta name=\"robots\" content=\"index, follow, max-snippet:-1, max-image-preview:large, max-video-preview:-1\" \/>\n<link rel=\"canonical\" href=\"https:\/\/animo.eu\/de\/ein-arbeitstag-im-leben-von-arnoud\/\" \/>\n<meta property=\"og:locale\" content=\"de_DE\" \/>\n<meta property=\"og:type\" content=\"article\" \/>\n<meta property=\"og:title\" content=\"Ein Arbeitstag im Leben von Arnoud -\" \/>\n<meta property=\"og:description\" content=\"Ein Arbeitstag im Leben von Arnoud -\" \/>\n<meta property=\"og:url\" content=\"https:\/\/animo.eu\/de\/ein-arbeitstag-im-leben-von-arnoud\/\" \/>\n<meta property=\"article:publisher\" content=\"https:\/\/www.facebook.com\/animobv\/\" \/>\n<meta property=\"article:published_time\" content=\"2023-01-10T14:01:57+00:00\" \/>\n<meta property=\"article:modified_time\" content=\"2023-12-18T13:56:50+00:00\" \/>\n<meta property=\"og:image\" content=\"https:\/\/animo.eu\/wp-content\/uploads\/2023\/01\/Images_Blog_consulting-g89813e129_1920.jpg\" \/>\n\t<meta property=\"og:image:width\" content=\"960\" \/>\n\t<meta property=\"og:image:height\" content=\"640\" \/>\n\t<meta property=\"og:image:type\" content=\"image\/jpeg\" \/>\n<meta name=\"author\" content=\"Stevens\" \/>\n<meta name=\"twitter:card\" content=\"summary_large_image\" \/>\n<meta name=\"twitter:creator\" content=\"@animokoffie\" \/>\n<meta name=\"twitter:site\" content=\"@animokoffie\" \/>\n<meta name=\"twitter:label1\" content=\"Verfasst von\" \/>\n\t<meta name=\"twitter:data1\" content=\"Stevens\" \/>\n<script type=\"application\/ld+json\" class=\"yoast-schema-graph\">{\"@context\":\"https:\/\/schema.org\",\"@graph\":[{\"@type\":\"WebPage\",\"@id\":\"https:\/\/animo.eu\/de\/ein-arbeitstag-im-leben-von-arnoud\/\",\"url\":\"https:\/\/animo.eu\/de\/ein-arbeitstag-im-leben-von-arnoud\/\",\"name\":\"Ein Arbeitstag im Leben von Arnoud -\",\"isPartOf\":{\"@id\":\"https:\/\/animo.eu\/de\/#website\"},\"primaryImageOfPage\":{\"@id\":\"https:\/\/animo.eu\/de\/ein-arbeitstag-im-leben-von-arnoud\/#primaryimage\"},\"image\":{\"@id\":\"https:\/\/animo.eu\/de\/ein-arbeitstag-im-leben-von-arnoud\/#primaryimage\"},\"thumbnailUrl\":\"https:\/\/animo.eu\/wp-content\/uploads\/2023\/01\/Images_Blog_consulting-g89813e129_1920.jpg\",\"datePublished\":\"2023-01-10T14:01:57+00:00\",\"dateModified\":\"2023-12-18T13:56:50+00:00\",\"author\":{\"@id\":\"https:\/\/animo.eu\/de\/#\/schema\/person\/f20480df343eb8b274386a4c75f5b074\"},\"description\":\"Ein Arbeitstag im Leben von Arnoud -\",\"breadcrumb\":{\"@id\":\"https:\/\/animo.eu\/de\/ein-arbeitstag-im-leben-von-arnoud\/#breadcrumb\"},\"inLanguage\":\"de\",\"potentialAction\":[{\"@type\":\"ReadAction\",\"target\":[\"https:\/\/animo.eu\/de\/ein-arbeitstag-im-leben-von-arnoud\/\"]}]},{\"@type\":\"ImageObject\",\"inLanguage\":\"de\",\"@id\":\"https:\/\/animo.eu\/de\/ein-arbeitstag-im-leben-von-arnoud\/#primaryimage\",\"url\":\"https:\/\/animo.eu\/wp-content\/uploads\/2023\/01\/Images_Blog_consulting-g89813e129_1920.jpg\",\"contentUrl\":\"https:\/\/animo.eu\/wp-content\/uploads\/2023\/01\/Images_Blog_consulting-g89813e129_1920.jpg\",\"width\":960,\"height\":640},{\"@type\":\"BreadcrumbList\",\"@id\":\"https:\/\/animo.eu\/de\/ein-arbeitstag-im-leben-von-arnoud\/#breadcrumb\",\"itemListElement\":[{\"@type\":\"ListItem\",\"position\":1,\"name\":\"Home\",\"item\":\"https:\/\/animo.eu\/de\/\"},{\"@type\":\"ListItem\",\"position\":2,\"name\":\"Ein Arbeitstag im Leben von Arnoud\"}]},{\"@type\":\"WebSite\",\"@id\":\"https:\/\/animo.eu\/de\/#website\",\"url\":\"https:\/\/animo.eu\/de\/\",\"name\":\"\",\"description\":\"\",\"potentialAction\":[{\"@type\":\"SearchAction\",\"target\":{\"@type\":\"EntryPoint\",\"urlTemplate\":\"https:\/\/animo.eu\/de\/?s={search_term_string}\"},\"query-input\":{\"@type\":\"PropertyValueSpecification\",\"valueRequired\":true,\"valueName\":\"search_term_string\"}}],\"inLanguage\":\"de\"},{\"@type\":\"Person\",\"@id\":\"https:\/\/animo.eu\/de\/#\/schema\/person\/f20480df343eb8b274386a4c75f5b074\",\"name\":\"Stevens\",\"image\":{\"@type\":\"ImageObject\",\"inLanguage\":\"de\",\"@id\":\"https:\/\/animo.eu\/de\/#\/schema\/person\/image\/\",\"url\":\"https:\/\/secure.gravatar.com\/avatar\/2f00e29e6de71c77bc2d42f265f2d805?s=96&d=mm&r=g\",\"contentUrl\":\"https:\/\/secure.gravatar.com\/avatar\/2f00e29e6de71c77bc2d42f265f2d805?s=96&d=mm&r=g\",\"caption\":\"Stevens\"},\"sameAs\":[\"https:\/\/animo.xdemo.nl\"],\"url\":\"https:\/\/animo.eu\/de\/author\/x-interactive\/\"}]}<\/script>\n<!-- \/ Yoast SEO plugin. -->","yoast_head_json":{"title":"Ein Arbeitstag im Leben von Arnoud -","description":"Ein Arbeitstag im Leben von Arnoud -","robots":{"index":"index","follow":"follow","max-snippet":"max-snippet:-1","max-image-preview":"max-image-preview:large","max-video-preview":"max-video-preview:-1"},"canonical":"https:\/\/animo.eu\/de\/ein-arbeitstag-im-leben-von-arnoud\/","og_locale":"de_DE","og_type":"article","og_title":"Ein Arbeitstag im Leben von Arnoud -","og_description":"Ein Arbeitstag im Leben von Arnoud -","og_url":"https:\/\/animo.eu\/de\/ein-arbeitstag-im-leben-von-arnoud\/","article_publisher":"https:\/\/www.facebook.com\/animobv\/","article_published_time":"2023-01-10T14:01:57+00:00","article_modified_time":"2023-12-18T13:56:50+00:00","og_image":[{"width":960,"height":640,"url":"https:\/\/animo.eu\/wp-content\/uploads\/2023\/01\/Images_Blog_consulting-g89813e129_1920.jpg","type":"image\/jpeg"}],"author":"Stevens","twitter_card":"summary_large_image","twitter_creator":"@animokoffie","twitter_site":"@animokoffie","twitter_misc":{"Verfasst von":"Stevens"},"schema":{"@context":"https:\/\/schema.org","@graph":[{"@type":"WebPage","@id":"https:\/\/animo.eu\/de\/ein-arbeitstag-im-leben-von-arnoud\/","url":"https:\/\/animo.eu\/de\/ein-arbeitstag-im-leben-von-arnoud\/","name":"Ein Arbeitstag im Leben von Arnoud -","isPartOf":{"@id":"https:\/\/animo.eu\/de\/#website"},"primaryImageOfPage":{"@id":"https:\/\/animo.eu\/de\/ein-arbeitstag-im-leben-von-arnoud\/#primaryimage"},"image":{"@id":"https:\/\/animo.eu\/de\/ein-arbeitstag-im-leben-von-arnoud\/#primaryimage"},"thumbnailUrl":"https:\/\/animo.eu\/wp-content\/uploads\/2023\/01\/Images_Blog_consulting-g89813e129_1920.jpg","datePublished":"2023-01-10T14:01:57+00:00","dateModified":"2023-12-18T13:56:50+00:00","author":{"@id":"https:\/\/animo.eu\/de\/#\/schema\/person\/f20480df343eb8b274386a4c75f5b074"},"description":"Ein Arbeitstag im Leben von Arnoud -","breadcrumb":{"@id":"https:\/\/animo.eu\/de\/ein-arbeitstag-im-leben-von-arnoud\/#breadcrumb"},"inLanguage":"de","potentialAction":[{"@type":"ReadAction","target":["https:\/\/animo.eu\/de\/ein-arbeitstag-im-leben-von-arnoud\/"]}]},{"@type":"ImageObject","inLanguage":"de","@id":"https:\/\/animo.eu\/de\/ein-arbeitstag-im-leben-von-arnoud\/#primaryimage","url":"https:\/\/animo.eu\/wp-content\/uploads\/2023\/01\/Images_Blog_consulting-g89813e129_1920.jpg","contentUrl":"https:\/\/animo.eu\/wp-content\/uploads\/2023\/01\/Images_Blog_consulting-g89813e129_1920.jpg","width":960,"height":640},{"@type":"BreadcrumbList","@id":"https:\/\/animo.eu\/de\/ein-arbeitstag-im-leben-von-arnoud\/#breadcrumb","itemListElement":[{"@type":"ListItem","position":1,"name":"Home","item":"https:\/\/animo.eu\/de\/"},{"@type":"ListItem","position":2,"name":"Ein Arbeitstag im Leben von Arnoud"}]},{"@type":"WebSite","@id":"https:\/\/animo.eu\/de\/#website","url":"https:\/\/animo.eu\/de\/","name":"","description":"","potentialAction":[{"@type":"SearchAction","target":{"@type":"EntryPoint","urlTemplate":"https:\/\/animo.eu\/de\/?s={search_term_string}"},"query-input":{"@type":"PropertyValueSpecification","valueRequired":true,"valueName":"search_term_string"}}],"inLanguage":"de"},{"@type":"Person","@id":"https:\/\/animo.eu\/de\/#\/schema\/person\/f20480df343eb8b274386a4c75f5b074","name":"Stevens","image":{"@type":"ImageObject","inLanguage":"de","@id":"https:\/\/animo.eu\/de\/#\/schema\/person\/image\/","url":"https:\/\/secure.gravatar.com\/avatar\/2f00e29e6de71c77bc2d42f265f2d805?s=96&d=mm&r=g","contentUrl":"https:\/\/secure.gravatar.com\/avatar\/2f00e29e6de71c77bc2d42f265f2d805?s=96&d=mm&r=g","caption":"Stevens"},"sameAs":["https:\/\/animo.xdemo.nl"],"url":"https:\/\/animo.eu\/de\/author\/x-interactive\/"}]}},"_links":{"self":[{"href":"https:\/\/animo.eu\/de\/wp-json\/wp\/v2\/posts\/42771"}],"collection":[{"href":"https:\/\/animo.eu\/de\/wp-json\/wp\/v2\/posts"}],"about":[{"href":"https:\/\/animo.eu\/de\/wp-json\/wp\/v2\/types\/post"}],"author":[{"embeddable":true,"href":"https:\/\/animo.eu\/de\/wp-json\/wp\/v2\/users\/1"}],"replies":[{"embeddable":true,"href":"https:\/\/animo.eu\/de\/wp-json\/wp\/v2\/comments?post=42771"}],"version-history":[{"count":1,"href":"https:\/\/animo.eu\/de\/wp-json\/wp\/v2\/posts\/42771\/revisions"}],"predecessor-version":[{"id":42772,"href":"https:\/\/animo.eu\/de\/wp-json\/wp\/v2\/posts\/42771\/revisions\/42772"}],"wp:featuredmedia":[{"embeddable":true,"href":"https:\/\/animo.eu\/de\/wp-json\/wp\/v2\/media\/41283"}],"wp:attachment":[{"href":"https:\/\/animo.eu\/de\/wp-json\/wp\/v2\/media?parent=42771"}],"wp:term":[{"taxonomy":"category","embeddable":true,"href":"https:\/\/animo.eu\/de\/wp-json\/wp\/v2\/categories?post=42771"},{"taxonomy":"post_tag","embeddable":true,"href":"https:\/\/animo.eu\/de\/wp-json\/wp\/v2\/tags?post=42771"}],"curies":[{"name":"wp","href":"https:\/\/api.w.org\/{rel}","templated":true}]}}