{"id":43368,"date":"2023-11-08T11:41:31","date_gmt":"2023-11-08T10:41:31","guid":{"rendered":"https:\/\/animo.eu\/compote-de-poires-au-cafe-avec-glace\/"},"modified":"2024-01-02T11:29:23","modified_gmt":"2024-01-02T10:29:23","slug":"compote-de-poires-au-cafe-avec-glace","status":"publish","type":"post","link":"https:\/\/animo.eu\/fr\/compote-de-poires-au-cafe-avec-glace\/","title":{"rendered":"Compote de poires au caf\u00e9 avec glace"},"content":{"rendered":"\n<section  class=\"pane pane--tertiary \">\n    <div class=\"container\">\n        <div class=\"row g-4 g-lg-8 g-xl-15 justify-content-center\">\n                                                <div class=\"col-12 col-lg-8\">\n                        <div class=\"pane__text\">\n                            <p><em>Desserts au caf\u00e9<\/em><\/p>\n<h2>Compote de poires au caf\u00e9 avec glace<\/h2>\n                                                    <\/div>\n                    <\/div>\n                                    <\/div>\n    <\/div>\n<\/section>\n\n<section  class=\"pane pane--white \">\n    <div class=\"container\">\n        <div class=\"row g-4 g-lg-8 g-xl-15 justify-content-center\">\n                                                <div class=\"col-12 col-lg-6\">\n                        <div class=\"pane__text\">\n                            <div style=\"text-align: center\">Poire \u00e0 caf\u00e9 compot\u00e9e avec de la cr\u00e8me glac\u00e9e.<\/div>\n<div style=\"text-align: center\">Une combinaison d\u00e9licieusement fra\u00eeche, parfaite pour le dessert.<\/div>\n<div style=\"text-align: center\">Essayez cette recette !<\/div>\n<div style=\"text-align: center\"><\/div>\n<div style=\"text-align: center\">  6 personnes &#8211; 20 minutes de pr\u00e9paration \/ 120 minutes de temps d&rsquo;attente.<\/div>\n<div><img loading=\"lazy\" decoding=\"async\" class=\"alignnone size-medium wp-image-37083 aligncenter\" src=\"https:\/\/animo.eu\/wp-content\/uploads\/2023\/11\/pears-gdce3c733c_1920-300x213.jpg\" alt=\"\" width=\"300\" height=\"213\" srcset=\"https:\/\/animo.eu\/wp-content\/uploads\/2023\/11\/pears-gdce3c733c_1920-300x213.jpg 300w, https:\/\/animo.eu\/wp-content\/uploads\/2023\/11\/pears-gdce3c733c_1920-1024x729.jpg 1024w, https:\/\/animo.eu\/wp-content\/uploads\/2023\/11\/pears-gdce3c733c_1920-768x546.jpg 768w, https:\/\/animo.eu\/wp-content\/uploads\/2023\/11\/pears-gdce3c733c_1920-1536x1093.jpg 1536w, https:\/\/animo.eu\/wp-content\/uploads\/2023\/11\/pears-gdce3c733c_1920-70x50.jpg 70w, https:\/\/animo.eu\/wp-content\/uploads\/2023\/11\/pears-gdce3c733c_1920-550x391.jpg 550w, https:\/\/animo.eu\/wp-content\/uploads\/2023\/11\/pears-gdce3c733c_1920-800x569.jpg 800w, https:\/\/animo.eu\/wp-content\/uploads\/2023\/11\/pears-gdce3c733c_1920-141x100.jpg 141w, https:\/\/animo.eu\/wp-content\/uploads\/2023\/11\/pears-gdce3c733c_1920-150x107.jpg 150w, https:\/\/animo.eu\/wp-content\/uploads\/2023\/11\/pears-gdce3c733c_1920.jpg 1920w\" sizes=\"(max-width: 300px) 100vw, 300px\" \/><\/div>\n                                                    <\/div>\n                    <\/div>\n                                    <\/div>\n    <\/div>\n<\/section>\n\n<section  class=\"pane pane--tertiary \">\n    <div class=\"container\">\n        <div class=\"row g-4 g-lg-8 g-xl-15 justify-content-center\">\n                                                <div class=\"col-12 col-lg-6\">\n                        <div class=\"pane__text\">\n                            <p><em>Voici comment proc\u00e9der<\/em><\/p>\n<ol>\n<li>Porter \u00e0 \u00e9bullition les 300 ml d&rsquo;eau avec le sucre (300 g) et ajouter le caf\u00e9.<\/li>\n<li>Enlever la peau des poires et les couper en deux (sans le c\u0153ur). Placer les poires dans le sirop de caf\u00e9 (pocher pendant 2 heures).<\/li>\n<li>Broyer les noisettes avec le sucre (15 g) et fouetter l\u00e9g\u00e8rement les 150 ml de cr\u00e8me et incorporer les noisettes.<\/li>\n<li>Placer les poires dans une jolie assiette et servir une boule de glace \u00e0 la vanille sur le dessus. Verser le sirop de caf\u00e9 sur le dessus et placer la cr\u00e8me de noisettes \u00e0 c\u00f4t\u00e9.<\/li>\n<\/ol>\n<p>&nbsp;<\/p>\n<p><em>Ingr\u00e9dients  <\/em><\/p>\n<ul>\n<li>60 grammes de noix<\/li>\n<li>215 grammes de sucre<\/li>\n<li>6 tasses de caf\u00e9 expresso<\/li>\n<li>3 poires<\/li>\n<li>300 ml d&rsquo;eau<\/li>\n<li>150 ml de cr\u00e8me<\/li>\n<li>900 ml de glace \u00e0 la vanille (1 pot)<\/li>\n<\/ul>\n                                                    <\/div>\n                    <\/div>\n                                    <\/div>\n    <\/div>\n<\/section>\n","protected":false},"excerpt":{"rendered":"","protected":false},"author":21,"featured_media":37087,"comment_status":"closed","ping_status":"open","sticky":false,"template":"","format":"standard","meta":{"_acf_changed":false,"footnotes":""},"categories":[125],"tags":[],"class_list":["post-43368","post","type-post","status-publish","format-standard","has-post-thumbnail","hentry","category-recettes"],"acf":[],"yoast_head":"<!-- This site is optimized with the Yoast SEO plugin v25.5 - https:\/\/yoast.com\/wordpress\/plugins\/seo\/ -->\n<title>Compote de poires au caf\u00e9 avec glace -<\/title>\n<meta name=\"description\" content=\"Compote de poires au caf\u00e9 avec glace -\" \/>\n<meta name=\"robots\" content=\"index, follow, max-snippet:-1, max-image-preview:large, max-video-preview:-1\" \/>\n<link rel=\"canonical\" href=\"https:\/\/animo.eu\/fr\/compote-de-poires-au-cafe-avec-glace\/\" \/>\n<meta property=\"og:locale\" content=\"fr_FR\" \/>\n<meta property=\"og:type\" content=\"article\" \/>\n<meta property=\"og:title\" content=\"Compote de poires au caf\u00e9 avec glace -\" \/>\n<meta property=\"og:description\" content=\"Compote de poires au caf\u00e9 avec glace -\" \/>\n<meta property=\"og:url\" content=\"https:\/\/animo.eu\/fr\/compote-de-poires-au-cafe-avec-glace\/\" \/>\n<meta property=\"article:publisher\" content=\"https:\/\/www.facebook.com\/animobv\/\" \/>\n<meta property=\"article:published_time\" content=\"2023-11-08T10:41:31+00:00\" \/>\n<meta property=\"article:modified_time\" content=\"2024-01-02T10:29:23+00:00\" \/>\n<meta property=\"og:image\" content=\"https:\/\/animo.eu\/wp-content\/uploads\/2023\/11\/pears-gdce3c733c_1920.jpg\" \/>\n\t<meta property=\"og:image:width\" content=\"1920\" \/>\n\t<meta property=\"og:image:height\" content=\"1366\" \/>\n\t<meta property=\"og:image:type\" content=\"image\/jpeg\" \/>\n<meta name=\"author\" content=\"aveenstra@animo.nl\" \/>\n<meta name=\"twitter:card\" content=\"summary_large_image\" \/>\n<meta name=\"twitter:creator\" content=\"@animokoffie\" \/>\n<meta name=\"twitter:site\" content=\"@animokoffie\" \/>\n<meta name=\"twitter:label1\" content=\"\u00c9crit par\" \/>\n\t<meta name=\"twitter:data1\" content=\"aveenstra@animo.nl\" \/>\n<script type=\"application\/ld+json\" class=\"yoast-schema-graph\">{\"@context\":\"https:\/\/schema.org\",\"@graph\":[{\"@type\":\"WebPage\",\"@id\":\"https:\/\/animo.eu\/fr\/compote-de-poires-au-cafe-avec-glace\/\",\"url\":\"https:\/\/animo.eu\/fr\/compote-de-poires-au-cafe-avec-glace\/\",\"name\":\"Compote de poires au caf\u00e9 avec glace -\",\"isPartOf\":{\"@id\":\"https:\/\/animo.eu\/fr\/#website\"},\"primaryImageOfPage\":{\"@id\":\"https:\/\/animo.eu\/fr\/compote-de-poires-au-cafe-avec-glace\/#primaryimage\"},\"image\":{\"@id\":\"https:\/\/animo.eu\/fr\/compote-de-poires-au-cafe-avec-glace\/#primaryimage\"},\"thumbnailUrl\":\"https:\/\/animo.eu\/wp-content\/uploads\/2023\/11\/pears-gdce3c733c_1920.jpg\",\"datePublished\":\"2023-11-08T10:41:31+00:00\",\"dateModified\":\"2024-01-02T10:29:23+00:00\",\"author\":{\"@id\":\"https:\/\/animo.eu\/fr\/#\/schema\/person\/2cd03e59a6f65d94bc011d9a7253232c\"},\"description\":\"Compote de poires au caf\u00e9 avec glace -\",\"breadcrumb\":{\"@id\":\"https:\/\/animo.eu\/fr\/compote-de-poires-au-cafe-avec-glace\/#breadcrumb\"},\"inLanguage\":\"fr-FR\",\"potentialAction\":[{\"@type\":\"ReadAction\",\"target\":[\"https:\/\/animo.eu\/fr\/compote-de-poires-au-cafe-avec-glace\/\"]}]},{\"@type\":\"ImageObject\",\"inLanguage\":\"fr-FR\",\"@id\":\"https:\/\/animo.eu\/fr\/compote-de-poires-au-cafe-avec-glace\/#primaryimage\",\"url\":\"https:\/\/animo.eu\/wp-content\/uploads\/2023\/11\/pears-gdce3c733c_1920.jpg\",\"contentUrl\":\"https:\/\/animo.eu\/wp-content\/uploads\/2023\/11\/pears-gdce3c733c_1920.jpg\",\"width\":1920,\"height\":1366},{\"@type\":\"BreadcrumbList\",\"@id\":\"https:\/\/animo.eu\/fr\/compote-de-poires-au-cafe-avec-glace\/#breadcrumb\",\"itemListElement\":[{\"@type\":\"ListItem\",\"position\":1,\"name\":\"Home\",\"item\":\"https:\/\/animo.eu\/fr\/\"},{\"@type\":\"ListItem\",\"position\":2,\"name\":\"Compote de poires au caf\u00e9 avec glace\"}]},{\"@type\":\"WebSite\",\"@id\":\"https:\/\/animo.eu\/fr\/#website\",\"url\":\"https:\/\/animo.eu\/fr\/\",\"name\":\"\",\"description\":\"\",\"potentialAction\":[{\"@type\":\"SearchAction\",\"target\":{\"@type\":\"EntryPoint\",\"urlTemplate\":\"https:\/\/animo.eu\/fr\/?s={search_term_string}\"},\"query-input\":{\"@type\":\"PropertyValueSpecification\",\"valueRequired\":true,\"valueName\":\"search_term_string\"}}],\"inLanguage\":\"fr-FR\"},{\"@type\":\"Person\",\"@id\":\"https:\/\/animo.eu\/fr\/#\/schema\/person\/2cd03e59a6f65d94bc011d9a7253232c\",\"name\":\"aveenstra@animo.nl\",\"image\":{\"@type\":\"ImageObject\",\"inLanguage\":\"fr-FR\",\"@id\":\"https:\/\/animo.eu\/fr\/#\/schema\/person\/image\/\",\"url\":\"https:\/\/secure.gravatar.com\/avatar\/16e9be75da25d22a7733234eef41238a?s=96&d=mm&r=g\",\"contentUrl\":\"https:\/\/secure.gravatar.com\/avatar\/16e9be75da25d22a7733234eef41238a?s=96&d=mm&r=g\",\"caption\":\"aveenstra@animo.nl\"},\"url\":\"https:\/\/animo.eu\/fr\/author\/aveenstraanimo-nl\/\"}]}<\/script>\n<!-- \/ Yoast SEO plugin. -->","yoast_head_json":{"title":"Compote de poires au caf\u00e9 avec glace -","description":"Compote de poires au caf\u00e9 avec glace -","robots":{"index":"index","follow":"follow","max-snippet":"max-snippet:-1","max-image-preview":"max-image-preview:large","max-video-preview":"max-video-preview:-1"},"canonical":"https:\/\/animo.eu\/fr\/compote-de-poires-au-cafe-avec-glace\/","og_locale":"fr_FR","og_type":"article","og_title":"Compote de poires au caf\u00e9 avec glace -","og_description":"Compote de poires au caf\u00e9 avec glace -","og_url":"https:\/\/animo.eu\/fr\/compote-de-poires-au-cafe-avec-glace\/","article_publisher":"https:\/\/www.facebook.com\/animobv\/","article_published_time":"2023-11-08T10:41:31+00:00","article_modified_time":"2024-01-02T10:29:23+00:00","og_image":[{"width":1920,"height":1366,"url":"https:\/\/animo.eu\/wp-content\/uploads\/2023\/11\/pears-gdce3c733c_1920.jpg","type":"image\/jpeg"}],"author":"aveenstra@animo.nl","twitter_card":"summary_large_image","twitter_creator":"@animokoffie","twitter_site":"@animokoffie","twitter_misc":{"\u00c9crit par":"aveenstra@animo.nl"},"schema":{"@context":"https:\/\/schema.org","@graph":[{"@type":"WebPage","@id":"https:\/\/animo.eu\/fr\/compote-de-poires-au-cafe-avec-glace\/","url":"https:\/\/animo.eu\/fr\/compote-de-poires-au-cafe-avec-glace\/","name":"Compote de poires au caf\u00e9 avec glace -","isPartOf":{"@id":"https:\/\/animo.eu\/fr\/#website"},"primaryImageOfPage":{"@id":"https:\/\/animo.eu\/fr\/compote-de-poires-au-cafe-avec-glace\/#primaryimage"},"image":{"@id":"https:\/\/animo.eu\/fr\/compote-de-poires-au-cafe-avec-glace\/#primaryimage"},"thumbnailUrl":"https:\/\/animo.eu\/wp-content\/uploads\/2023\/11\/pears-gdce3c733c_1920.jpg","datePublished":"2023-11-08T10:41:31+00:00","dateModified":"2024-01-02T10:29:23+00:00","author":{"@id":"https:\/\/animo.eu\/fr\/#\/schema\/person\/2cd03e59a6f65d94bc011d9a7253232c"},"description":"Compote de poires au caf\u00e9 avec glace -","breadcrumb":{"@id":"https:\/\/animo.eu\/fr\/compote-de-poires-au-cafe-avec-glace\/#breadcrumb"},"inLanguage":"fr-FR","potentialAction":[{"@type":"ReadAction","target":["https:\/\/animo.eu\/fr\/compote-de-poires-au-cafe-avec-glace\/"]}]},{"@type":"ImageObject","inLanguage":"fr-FR","@id":"https:\/\/animo.eu\/fr\/compote-de-poires-au-cafe-avec-glace\/#primaryimage","url":"https:\/\/animo.eu\/wp-content\/uploads\/2023\/11\/pears-gdce3c733c_1920.jpg","contentUrl":"https:\/\/animo.eu\/wp-content\/uploads\/2023\/11\/pears-gdce3c733c_1920.jpg","width":1920,"height":1366},{"@type":"BreadcrumbList","@id":"https:\/\/animo.eu\/fr\/compote-de-poires-au-cafe-avec-glace\/#breadcrumb","itemListElement":[{"@type":"ListItem","position":1,"name":"Home","item":"https:\/\/animo.eu\/fr\/"},{"@type":"ListItem","position":2,"name":"Compote de poires au caf\u00e9 avec glace"}]},{"@type":"WebSite","@id":"https:\/\/animo.eu\/fr\/#website","url":"https:\/\/animo.eu\/fr\/","name":"","description":"","potentialAction":[{"@type":"SearchAction","target":{"@type":"EntryPoint","urlTemplate":"https:\/\/animo.eu\/fr\/?s={search_term_string}"},"query-input":{"@type":"PropertyValueSpecification","valueRequired":true,"valueName":"search_term_string"}}],"inLanguage":"fr-FR"},{"@type":"Person","@id":"https:\/\/animo.eu\/fr\/#\/schema\/person\/2cd03e59a6f65d94bc011d9a7253232c","name":"aveenstra@animo.nl","image":{"@type":"ImageObject","inLanguage":"fr-FR","@id":"https:\/\/animo.eu\/fr\/#\/schema\/person\/image\/","url":"https:\/\/secure.gravatar.com\/avatar\/16e9be75da25d22a7733234eef41238a?s=96&d=mm&r=g","contentUrl":"https:\/\/secure.gravatar.com\/avatar\/16e9be75da25d22a7733234eef41238a?s=96&d=mm&r=g","caption":"aveenstra@animo.nl"},"url":"https:\/\/animo.eu\/fr\/author\/aveenstraanimo-nl\/"}]}},"_links":{"self":[{"href":"https:\/\/animo.eu\/fr\/wp-json\/wp\/v2\/posts\/43368"}],"collection":[{"href":"https:\/\/animo.eu\/fr\/wp-json\/wp\/v2\/posts"}],"about":[{"href":"https:\/\/animo.eu\/fr\/wp-json\/wp\/v2\/types\/post"}],"author":[{"embeddable":true,"href":"https:\/\/animo.eu\/fr\/wp-json\/wp\/v2\/users\/21"}],"replies":[{"embeddable":true,"href":"https:\/\/animo.eu\/fr\/wp-json\/wp\/v2\/comments?post=43368"}],"version-history":[{"count":1,"href":"https:\/\/animo.eu\/fr\/wp-json\/wp\/v2\/posts\/43368\/revisions"}],"predecessor-version":[{"id":43369,"href":"https:\/\/animo.eu\/fr\/wp-json\/wp\/v2\/posts\/43368\/revisions\/43369"}],"wp:featuredmedia":[{"embeddable":true,"href":"https:\/\/animo.eu\/fr\/wp-json\/wp\/v2\/media\/37087"}],"wp:attachment":[{"href":"https:\/\/animo.eu\/fr\/wp-json\/wp\/v2\/media?parent=43368"}],"wp:term":[{"taxonomy":"category","embeddable":true,"href":"https:\/\/animo.eu\/fr\/wp-json\/wp\/v2\/categories?post=43368"},{"taxonomy":"post_tag","embeddable":true,"href":"https:\/\/animo.eu\/fr\/wp-json\/wp\/v2\/tags?post=43368"}],"curies":[{"name":"wp","href":"https:\/\/api.w.org\/{rel}","templated":true}]}}