{"id":42736,"date":"2023-05-25T11:16:59","date_gmt":"2023-05-25T09:16:59","guid":{"rendered":"https:\/\/animo.eu\/en-arbeidsdag-i-patricks-liv\/"},"modified":"2023-12-18T13:54:30","modified_gmt":"2023-12-18T12:54:30","slug":"en-arbeidsdag-i-patricks-liv","status":"publish","type":"post","link":"https:\/\/animo.eu\/no\/en-arbeidsdag-i-patricks-liv\/","title":{"rendered":"En arbeidsdag i Patricks liv"},"content":{"rendered":"\n<section  class=\"pane pane--tertiary \">\n    <div class=\"container\">\n        <div class=\"row g-4 g-lg-8 g-xl-15 justify-content-center\">\n                                                <div class=\"col-12 col-lg-8\">\n                        <div class=\"pane__text\">\n                            <h2>I denne bloggen tar vi deg gjennom en arbeidsdag i livet til Patrick, omr\u00e5desalgssjef i Animos eksportavdeling.<\/h2>\n<p>&nbsp;<\/p>\n                                                    <\/div>\n                    <\/div>\n                                    <\/div>\n    <\/div>\n<\/section>\n\n<section  class=\"pane pane--white \">\n    <div class=\"container\">\n        <div class=\"row g-4 g-lg-8 g-xl-15 g-xxl-20  \">\n                            <div class=\"col-12 col-lg-6\">\n                    <div class=\"pane__text\">\n                        <h2>Min funksjon<\/h2>\n<p>Som Area Sales Manager for eksportavdelingen i Animo reiser jeg ofte til utlandet. Dette utgj\u00f8r ca 40% av arbeidet mitt og jeg kan si at dette er den viktigste delen av jobben min fordi det setter meg i kontakt med eksisterende kunder, men ogs\u00e5 med potensielle kunder.<\/p>\n                                                \n                    <\/div>\n                <\/div>\n                                        <div class=\"col-12 col-lg\">\n                    <figure class=\"figure \">\n                        <img decoding=\"async\" width=\"1024\" height=\"1024\" src=\"https:\/\/animo.eu\/wp-content\/uploads\/2023\/05\/Reizen-Patrick-1024x1024.png\" class=\"img-fluid\" alt=\"\" loading=\"lazy\" srcset=\"https:\/\/animo.eu\/wp-content\/uploads\/2023\/05\/Reizen-Patrick-1024x1024.png 1024w, https:\/\/animo.eu\/wp-content\/uploads\/2023\/05\/Reizen-Patrick-300x300.png 300w, https:\/\/animo.eu\/wp-content\/uploads\/2023\/05\/Reizen-Patrick-150x150.png 150w, https:\/\/animo.eu\/wp-content\/uploads\/2023\/05\/Reizen-Patrick-768x768.png 768w, https:\/\/animo.eu\/wp-content\/uploads\/2023\/05\/Reizen-Patrick-70x70.png 70w, https:\/\/animo.eu\/wp-content\/uploads\/2023\/05\/Reizen-Patrick-550x550.png 550w, https:\/\/animo.eu\/wp-content\/uploads\/2023\/05\/Reizen-Patrick-800x800.png 800w, https:\/\/animo.eu\/wp-content\/uploads\/2023\/05\/Reizen-Patrick-100x100.png 100w, https:\/\/animo.eu\/wp-content\/uploads\/2023\/05\/Reizen-Patrick-700x700.png 700w, https:\/\/animo.eu\/wp-content\/uploads\/2023\/05\/Reizen-Patrick-350x350.png 350w, https:\/\/animo.eu\/wp-content\/uploads\/2023\/05\/Reizen-Patrick.png 1122w\" sizes=\"(max-width: 1024px) 100vw, 1024px\" \/>                    <\/figure>\n                <\/div>\n                    <\/div>\n    <\/div>\n<\/section>\n\n<section  class=\"pane pane--tertiary \">\n    <div class=\"container\">\n        <div class=\"row g-4 g-lg-8 g-xl-15 g-xxl-20  flex-lg-row-reverse\">\n                            <div class=\"col-12 col-lg-6\">\n                    <div class=\"pane__text\">\n                        <h2>Potensielle og nye kunder<\/h2>\n<p>9:00: F\u00f8rste avtale. Dette dreier seg om en potensiell kunde som enn\u00e5 ikke er godt informert om Animos sortiment. La oss f\u00f8rst ta en kopp kaffe og bli litt kjent med hverandre. Ta deretter en oversikt over hvilke merker selskapet har og hvordan og hvor det opererer. Deretter presenteres det utvalget som er mest anvendelig for denne bedriften. Avtalte endelig avtale for \u00e5 sende betingelser og priser, samt avtale en maskintest. Etter \u00e5 ha sagt farvel setter jeg meg i bilen for \u00e5 g\u00e5 til min neste avtale.<\/p>\n<p>11:00 Ankom min neste avtale. Det gjelder en eksisterende kunde. Kunden har nettopp flyttet til et nytt bygg og jeg f\u00e5r f\u00f8rst en omvisning i bygget. Vi g\u00e5r s\u00e5 opp til der m\u00f8terommet er. Men jeg ser kontakten min ta av seg skoene og etter \u00e5 ha sett seg rundt ser det ut til at alle har p\u00e5 seg sokker eller t\u00f8fler. Rart, men jeg bestemmer meg for \u00e5 ta av meg skoene og s\u00e5 g\u00e5 inn i m\u00f8terommet. En diskusjon om sokker, det er en f\u00f8rste gang for alt! Under diskusjonen vil vi snakke om hvordan vi kan utvide partnerskapet v\u00e5rt. Hva kan de gj\u00f8re? Hva trenger de fra oss? Hva kan vi tilby som Animo? Er det problemer eller er det kanskje muligheter som vi i fellesskap kan svare p\u00e5?<\/p>\n                                                \n                    <\/div>\n                <\/div>\n                                        <div class=\"col-12 col-lg\">\n                    <figure class=\"figure image_reversed\">\n                        <img decoding=\"async\" width=\"1024\" height=\"1024\" src=\"https:\/\/animo.eu\/wp-content\/uploads\/2023\/05\/Patrick-achter-bureau-1024x1024.png\" class=\"img-fluid\" alt=\"\" loading=\"lazy\" srcset=\"https:\/\/animo.eu\/wp-content\/uploads\/2023\/05\/Patrick-achter-bureau-1024x1024.png 1024w, https:\/\/animo.eu\/wp-content\/uploads\/2023\/05\/Patrick-achter-bureau-300x300.png 300w, https:\/\/animo.eu\/wp-content\/uploads\/2023\/05\/Patrick-achter-bureau-150x150.png 150w, https:\/\/animo.eu\/wp-content\/uploads\/2023\/05\/Patrick-achter-bureau-768x768.png 768w, https:\/\/animo.eu\/wp-content\/uploads\/2023\/05\/Patrick-achter-bureau-70x70.png 70w, https:\/\/animo.eu\/wp-content\/uploads\/2023\/05\/Patrick-achter-bureau-550x550.png 550w, https:\/\/animo.eu\/wp-content\/uploads\/2023\/05\/Patrick-achter-bureau-800x800.png 800w, https:\/\/animo.eu\/wp-content\/uploads\/2023\/05\/Patrick-achter-bureau-100x100.png 100w, https:\/\/animo.eu\/wp-content\/uploads\/2023\/05\/Patrick-achter-bureau-700x700.png 700w, https:\/\/animo.eu\/wp-content\/uploads\/2023\/05\/Patrick-achter-bureau-350x350.png 350w, https:\/\/animo.eu\/wp-content\/uploads\/2023\/05\/Patrick-achter-bureau.png 1122w\" sizes=\"(max-width: 1024px) 100vw, 1024px\" \/>                    <\/figure>\n                <\/div>\n                    <\/div>\n    <\/div>\n<\/section>\n\n<section  class=\"pane pane--white \">\n    <div class=\"container\">\n        <div class=\"row g-4 g-lg-8 g-xl-15 g-xxl-20  \">\n                            <div class=\"col-12 col-lg-6\">\n                    <div class=\"pane__text\">\n                        <h2>Presenterer entusiasme<\/h2>\n<p>12:30 Tid for en liten lunsj og s\u00e5 videre.<\/p>\n<p>13:30 Min neste avtale er p\u00e5 en kaffebrenner (ikke kunde enn\u00e5). Jeg ser mange forskjellige maskiner i utstillingsrommet. Etter \u00e5 ha studert ser jeg at de hovedsakelig har maskiner i h\u00f8ysegmentet (Eversys) og i lavsegmentet (Dr. Coffee), i mellomsegmentet har de s\u00e5 og si ingenting. V\u00e5r OptiMe ville passet fint inn der. Jeg fokuserte p\u00e5 dette under samtalen. Laget presentasjonen for tre personer, og de var entusiastiske. Imidlertid er det veldig viktig i dag at de kan teste en maskin fordi det er veldig vanskelig \u00e5 kj\u00f8pe en maskin fra et bilde. Ble enige om \u00e5 ordne dette s\u00e5 raskt som mulig.<\/p>\n<p>P\u00e5 tide \u00e5 forlate Riga og kj\u00f8re mot Talinn. Denne turen tar ca. 4 timer og vi vil dessverre ikke m\u00f8te noen motorveier p\u00e5 denne ruten, men det er god tid til \u00e5 se seg rundt under turen og nyte den vakre naturen. Jeg ankommer hotellet mitt rundt 19:30. Sjekk inn, frisk deg opp og spis noe. Da er det nok for i dag!<\/p>\n                                                \n                    <\/div>\n                <\/div>\n                                        <div class=\"col-12 col-lg\">\n                    <figure class=\"figure \">\n                        <img decoding=\"async\" width=\"1024\" height=\"1024\" src=\"https:\/\/animo.eu\/wp-content\/uploads\/2023\/05\/Overleg-1024x1024.png\" class=\"img-fluid\" alt=\"\" loading=\"lazy\" srcset=\"https:\/\/animo.eu\/wp-content\/uploads\/2023\/05\/Overleg-1024x1024.png 1024w, https:\/\/animo.eu\/wp-content\/uploads\/2023\/05\/Overleg-300x300.png 300w, https:\/\/animo.eu\/wp-content\/uploads\/2023\/05\/Overleg-150x150.png 150w, https:\/\/animo.eu\/wp-content\/uploads\/2023\/05\/Overleg-768x768.png 768w, https:\/\/animo.eu\/wp-content\/uploads\/2023\/05\/Overleg-70x70.png 70w, https:\/\/animo.eu\/wp-content\/uploads\/2023\/05\/Overleg-550x550.png 550w, https:\/\/animo.eu\/wp-content\/uploads\/2023\/05\/Overleg-800x800.png 800w, https:\/\/animo.eu\/wp-content\/uploads\/2023\/05\/Overleg-100x100.png 100w, https:\/\/animo.eu\/wp-content\/uploads\/2023\/05\/Overleg-700x700.png 700w, https:\/\/animo.eu\/wp-content\/uploads\/2023\/05\/Overleg-350x350.png 350w, https:\/\/animo.eu\/wp-content\/uploads\/2023\/05\/Overleg.png 1122w\" sizes=\"(max-width: 1024px) 100vw, 1024px\" \/>                    <\/figure>\n                <\/div>\n                    <\/div>\n    <\/div>\n<\/section>\n","protected":false},"excerpt":{"rendered":"","protected":false},"author":21,"featured_media":41097,"comment_status":"closed","ping_status":"open","sticky":false,"template":"","format":"standard","meta":{"_acf_changed":false,"footnotes":""},"categories":[120],"tags":[],"class_list":["post-42736","post","type-post","status-publish","format-standard","has-post-thumbnail","hentry","category-arbeidsdagen-til"],"acf":[],"yoast_head":"<!-- This site is optimized with the Yoast SEO plugin v25.5 - https:\/\/yoast.com\/wordpress\/plugins\/seo\/ -->\n<title>En arbeidsdag i Patricks liv -<\/title>\n<meta name=\"description\" content=\"En arbeidsdag i Patricks liv -\" \/>\n<meta name=\"robots\" content=\"index, follow, max-snippet:-1, max-image-preview:large, max-video-preview:-1\" \/>\n<link rel=\"canonical\" href=\"https:\/\/animo.eu\/no\/en-arbeidsdag-i-patricks-liv\/\" \/>\n<meta property=\"og:locale\" content=\"nb_NO\" \/>\n<meta property=\"og:type\" content=\"article\" \/>\n<meta property=\"og:title\" content=\"En arbeidsdag i Patricks liv -\" \/>\n<meta property=\"og:description\" content=\"En arbeidsdag i Patricks liv -\" \/>\n<meta property=\"og:url\" content=\"https:\/\/animo.eu\/no\/en-arbeidsdag-i-patricks-liv\/\" \/>\n<meta property=\"article:publisher\" content=\"https:\/\/www.facebook.com\/animobv\/\" \/>\n<meta property=\"article:published_time\" content=\"2023-05-25T09:16:59+00:00\" \/>\n<meta property=\"article:modified_time\" content=\"2023-12-18T12:54:30+00:00\" \/>\n<meta property=\"og:image\" content=\"https:\/\/animo.eu\/wp-content\/uploads\/2023\/05\/Reizen-Patrick.png\" \/>\n\t<meta property=\"og:image:width\" content=\"1122\" \/>\n\t<meta property=\"og:image:height\" content=\"1122\" \/>\n\t<meta property=\"og:image:type\" content=\"image\/png\" \/>\n<meta name=\"author\" content=\"aveenstra@animo.nl\" \/>\n<meta name=\"twitter:card\" content=\"summary_large_image\" \/>\n<meta name=\"twitter:creator\" content=\"@animokoffie\" \/>\n<meta name=\"twitter:site\" content=\"@animokoffie\" \/>\n<meta name=\"twitter:label1\" content=\"Skrevet av\" \/>\n\t<meta name=\"twitter:data1\" content=\"aveenstra@animo.nl\" \/>\n<script type=\"application\/ld+json\" class=\"yoast-schema-graph\">{\"@context\":\"https:\/\/schema.org\",\"@graph\":[{\"@type\":\"WebPage\",\"@id\":\"https:\/\/animo.eu\/no\/en-arbeidsdag-i-patricks-liv\/\",\"url\":\"https:\/\/animo.eu\/no\/en-arbeidsdag-i-patricks-liv\/\",\"name\":\"En arbeidsdag i Patricks liv -\",\"isPartOf\":{\"@id\":\"https:\/\/animo.eu\/no\/#website\"},\"primaryImageOfPage\":{\"@id\":\"https:\/\/animo.eu\/no\/en-arbeidsdag-i-patricks-liv\/#primaryimage\"},\"image\":{\"@id\":\"https:\/\/animo.eu\/no\/en-arbeidsdag-i-patricks-liv\/#primaryimage\"},\"thumbnailUrl\":\"https:\/\/animo.eu\/wp-content\/uploads\/2023\/05\/Reizen-Patrick.png\",\"datePublished\":\"2023-05-25T09:16:59+00:00\",\"dateModified\":\"2023-12-18T12:54:30+00:00\",\"author\":{\"@id\":\"https:\/\/animo.eu\/no\/#\/schema\/person\/2cd03e59a6f65d94bc011d9a7253232c\"},\"description\":\"En arbeidsdag i Patricks liv -\",\"breadcrumb\":{\"@id\":\"https:\/\/animo.eu\/no\/en-arbeidsdag-i-patricks-liv\/#breadcrumb\"},\"inLanguage\":\"nb-NO\",\"potentialAction\":[{\"@type\":\"ReadAction\",\"target\":[\"https:\/\/animo.eu\/no\/en-arbeidsdag-i-patricks-liv\/\"]}]},{\"@type\":\"ImageObject\",\"inLanguage\":\"nb-NO\",\"@id\":\"https:\/\/animo.eu\/no\/en-arbeidsdag-i-patricks-liv\/#primaryimage\",\"url\":\"https:\/\/animo.eu\/wp-content\/uploads\/2023\/05\/Reizen-Patrick.png\",\"contentUrl\":\"https:\/\/animo.eu\/wp-content\/uploads\/2023\/05\/Reizen-Patrick.png\",\"width\":1122,\"height\":1122},{\"@type\":\"BreadcrumbList\",\"@id\":\"https:\/\/animo.eu\/no\/en-arbeidsdag-i-patricks-liv\/#breadcrumb\",\"itemListElement\":[{\"@type\":\"ListItem\",\"position\":1,\"name\":\"Home\",\"item\":\"https:\/\/animo.eu\/no\/\"},{\"@type\":\"ListItem\",\"position\":2,\"name\":\"En arbeidsdag i Patricks liv\"}]},{\"@type\":\"WebSite\",\"@id\":\"https:\/\/animo.eu\/no\/#website\",\"url\":\"https:\/\/animo.eu\/no\/\",\"name\":\"\",\"description\":\"\",\"potentialAction\":[{\"@type\":\"SearchAction\",\"target\":{\"@type\":\"EntryPoint\",\"urlTemplate\":\"https:\/\/animo.eu\/no\/?s={search_term_string}\"},\"query-input\":{\"@type\":\"PropertyValueSpecification\",\"valueRequired\":true,\"valueName\":\"search_term_string\"}}],\"inLanguage\":\"nb-NO\"},{\"@type\":\"Person\",\"@id\":\"https:\/\/animo.eu\/no\/#\/schema\/person\/2cd03e59a6f65d94bc011d9a7253232c\",\"name\":\"aveenstra@animo.nl\",\"image\":{\"@type\":\"ImageObject\",\"inLanguage\":\"nb-NO\",\"@id\":\"https:\/\/animo.eu\/no\/#\/schema\/person\/image\/\",\"url\":\"https:\/\/secure.gravatar.com\/avatar\/16e9be75da25d22a7733234eef41238a?s=96&d=mm&r=g\",\"contentUrl\":\"https:\/\/secure.gravatar.com\/avatar\/16e9be75da25d22a7733234eef41238a?s=96&d=mm&r=g\",\"caption\":\"aveenstra@animo.nl\"},\"url\":\"https:\/\/animo.eu\/no\/author\/aveenstraanimo-nl\/\"}]}<\/script>\n<!-- \/ Yoast SEO plugin. -->","yoast_head_json":{"title":"En arbeidsdag i Patricks liv -","description":"En arbeidsdag i Patricks liv -","robots":{"index":"index","follow":"follow","max-snippet":"max-snippet:-1","max-image-preview":"max-image-preview:large","max-video-preview":"max-video-preview:-1"},"canonical":"https:\/\/animo.eu\/no\/en-arbeidsdag-i-patricks-liv\/","og_locale":"nb_NO","og_type":"article","og_title":"En arbeidsdag i Patricks liv -","og_description":"En arbeidsdag i Patricks liv -","og_url":"https:\/\/animo.eu\/no\/en-arbeidsdag-i-patricks-liv\/","article_publisher":"https:\/\/www.facebook.com\/animobv\/","article_published_time":"2023-05-25T09:16:59+00:00","article_modified_time":"2023-12-18T12:54:30+00:00","og_image":[{"width":1122,"height":1122,"url":"https:\/\/animo.eu\/wp-content\/uploads\/2023\/05\/Reizen-Patrick.png","type":"image\/png"}],"author":"aveenstra@animo.nl","twitter_card":"summary_large_image","twitter_creator":"@animokoffie","twitter_site":"@animokoffie","twitter_misc":{"Skrevet av":"aveenstra@animo.nl"},"schema":{"@context":"https:\/\/schema.org","@graph":[{"@type":"WebPage","@id":"https:\/\/animo.eu\/no\/en-arbeidsdag-i-patricks-liv\/","url":"https:\/\/animo.eu\/no\/en-arbeidsdag-i-patricks-liv\/","name":"En arbeidsdag i Patricks liv -","isPartOf":{"@id":"https:\/\/animo.eu\/no\/#website"},"primaryImageOfPage":{"@id":"https:\/\/animo.eu\/no\/en-arbeidsdag-i-patricks-liv\/#primaryimage"},"image":{"@id":"https:\/\/animo.eu\/no\/en-arbeidsdag-i-patricks-liv\/#primaryimage"},"thumbnailUrl":"https:\/\/animo.eu\/wp-content\/uploads\/2023\/05\/Reizen-Patrick.png","datePublished":"2023-05-25T09:16:59+00:00","dateModified":"2023-12-18T12:54:30+00:00","author":{"@id":"https:\/\/animo.eu\/no\/#\/schema\/person\/2cd03e59a6f65d94bc011d9a7253232c"},"description":"En arbeidsdag i Patricks liv -","breadcrumb":{"@id":"https:\/\/animo.eu\/no\/en-arbeidsdag-i-patricks-liv\/#breadcrumb"},"inLanguage":"nb-NO","potentialAction":[{"@type":"ReadAction","target":["https:\/\/animo.eu\/no\/en-arbeidsdag-i-patricks-liv\/"]}]},{"@type":"ImageObject","inLanguage":"nb-NO","@id":"https:\/\/animo.eu\/no\/en-arbeidsdag-i-patricks-liv\/#primaryimage","url":"https:\/\/animo.eu\/wp-content\/uploads\/2023\/05\/Reizen-Patrick.png","contentUrl":"https:\/\/animo.eu\/wp-content\/uploads\/2023\/05\/Reizen-Patrick.png","width":1122,"height":1122},{"@type":"BreadcrumbList","@id":"https:\/\/animo.eu\/no\/en-arbeidsdag-i-patricks-liv\/#breadcrumb","itemListElement":[{"@type":"ListItem","position":1,"name":"Home","item":"https:\/\/animo.eu\/no\/"},{"@type":"ListItem","position":2,"name":"En arbeidsdag i Patricks liv"}]},{"@type":"WebSite","@id":"https:\/\/animo.eu\/no\/#website","url":"https:\/\/animo.eu\/no\/","name":"","description":"","potentialAction":[{"@type":"SearchAction","target":{"@type":"EntryPoint","urlTemplate":"https:\/\/animo.eu\/no\/?s={search_term_string}"},"query-input":{"@type":"PropertyValueSpecification","valueRequired":true,"valueName":"search_term_string"}}],"inLanguage":"nb-NO"},{"@type":"Person","@id":"https:\/\/animo.eu\/no\/#\/schema\/person\/2cd03e59a6f65d94bc011d9a7253232c","name":"aveenstra@animo.nl","image":{"@type":"ImageObject","inLanguage":"nb-NO","@id":"https:\/\/animo.eu\/no\/#\/schema\/person\/image\/","url":"https:\/\/secure.gravatar.com\/avatar\/16e9be75da25d22a7733234eef41238a?s=96&d=mm&r=g","contentUrl":"https:\/\/secure.gravatar.com\/avatar\/16e9be75da25d22a7733234eef41238a?s=96&d=mm&r=g","caption":"aveenstra@animo.nl"},"url":"https:\/\/animo.eu\/no\/author\/aveenstraanimo-nl\/"}]}},"_links":{"self":[{"href":"https:\/\/animo.eu\/no\/wp-json\/wp\/v2\/posts\/42736"}],"collection":[{"href":"https:\/\/animo.eu\/no\/wp-json\/wp\/v2\/posts"}],"about":[{"href":"https:\/\/animo.eu\/no\/wp-json\/wp\/v2\/types\/post"}],"author":[{"embeddable":true,"href":"https:\/\/animo.eu\/no\/wp-json\/wp\/v2\/users\/21"}],"replies":[{"embeddable":true,"href":"https:\/\/animo.eu\/no\/wp-json\/wp\/v2\/comments?post=42736"}],"version-history":[{"count":1,"href":"https:\/\/animo.eu\/no\/wp-json\/wp\/v2\/posts\/42736\/revisions"}],"predecessor-version":[{"id":42737,"href":"https:\/\/animo.eu\/no\/wp-json\/wp\/v2\/posts\/42736\/revisions\/42737"}],"wp:featuredmedia":[{"embeddable":true,"href":"https:\/\/animo.eu\/no\/wp-json\/wp\/v2\/media\/41097"}],"wp:attachment":[{"href":"https:\/\/animo.eu\/no\/wp-json\/wp\/v2\/media?parent=42736"}],"wp:term":[{"taxonomy":"category","embeddable":true,"href":"https:\/\/animo.eu\/no\/wp-json\/wp\/v2\/categories?post=42736"},{"taxonomy":"post_tag","embeddable":true,"href":"https:\/\/animo.eu\/no\/wp-json\/wp\/v2\/tags?post=42736"}],"curies":[{"name":"wp","href":"https:\/\/api.w.org\/{rel}","templated":true}]}}