{"id":42773,"date":"2023-01-10T15:01:57","date_gmt":"2023-01-10T14:01:57","guid":{"rendered":"https:\/\/animo.eu\/en-arbeidsdag-i-livet-til-arnoud\/"},"modified":"2023-12-18T14:57:45","modified_gmt":"2023-12-18T13:57:45","slug":"en-arbeidsdag-i-livet-til-arnoud","status":"publish","type":"post","link":"https:\/\/animo.eu\/no\/en-arbeidsdag-i-livet-til-arnoud\/","title":{"rendered":"En arbeidsdag i livet til Arnoud"},"content":{"rendered":"\n<section  class=\"pane pane--tertiary \">\n    <div class=\"container\">\n        <div class=\"row g-4 g-lg-8 g-xl-15 justify-content-center\">\n                                                <div class=\"col-12 col-lg-8\">\n                        <div class=\"pane__text\">\n                            <h2>I denne nye bloggen tar vi deg gjennom en arbeidsdag i livet til Arnoud<\/h2>\n                                                    <\/div>\n                    <\/div>\n                                    <\/div>\n    <\/div>\n<\/section>\n\n<section  class=\"pane pane--white \">\n    <div class=\"container\">\n        <div class=\"row g-4 g-lg-8 g-xl-15 g-xxl-20  \">\n                            <div class=\"col-12 col-lg-6\">\n                    <div class=\"pane__text\">\n                        <h2>Kontoansvarlig i Animo<\/h2>\n<p>Kvelden f\u00f8r ser jeg ofte p\u00e5 agendaen for neste dag, for \u00e5 vite hvor jeg m\u00e5 g\u00e5 slik at jeg kan ta hensyn til trafikken eller avstanden jeg m\u00e5 kj\u00f8re. Avhengig av n\u00e5r og hvor jeg m\u00e5 v\u00e6re, drar jeg hjemmefra til kunden\/forhandleren.<\/p>\n<p>Antall avtaler avhenger i stor grad av typen samtaler, v\u00e5rt m\u00e5l er \u00e5 ha tre p\u00e5 en dag.<\/p>\n<p>Det er alltid en grunn eller hensikt med \u00e5 gj\u00f8re avtalen, dette kan v\u00e6re samarbeidet, et nytt produkt, fallende omsetning, \u00f8kende omsetning, eller ikke lenger \u00f8nsker \u00e5 b\u00e6re et bestemt produkt. Den r\u00f8de tr\u00e5den er alltid handel.<\/p>\n                                                \n                    <\/div>\n                <\/div>\n                                        <div class=\"col-12 col-lg\">\n                    <figure class=\"figure \">\n                        <img decoding=\"async\" width=\"1024\" height=\"1024\" src=\"https:\/\/animo.eu\/wp-content\/uploads\/2023\/01\/Arnoud-Bos-BLog-1024x1024.png\" class=\"img-fluid\" alt=\"\" loading=\"lazy\" srcset=\"https:\/\/animo.eu\/wp-content\/uploads\/2023\/01\/Arnoud-Bos-BLog-1024x1024.png 1024w, https:\/\/animo.eu\/wp-content\/uploads\/2023\/01\/Arnoud-Bos-BLog-300x300.png 300w, https:\/\/animo.eu\/wp-content\/uploads\/2023\/01\/Arnoud-Bos-BLog-150x150.png 150w, https:\/\/animo.eu\/wp-content\/uploads\/2023\/01\/Arnoud-Bos-BLog-768x768.png 768w, https:\/\/animo.eu\/wp-content\/uploads\/2023\/01\/Arnoud-Bos-BLog-70x70.png 70w, https:\/\/animo.eu\/wp-content\/uploads\/2023\/01\/Arnoud-Bos-BLog-550x550.png 550w, https:\/\/animo.eu\/wp-content\/uploads\/2023\/01\/Arnoud-Bos-BLog-800x800.png 800w, https:\/\/animo.eu\/wp-content\/uploads\/2023\/01\/Arnoud-Bos-BLog-100x100.png 100w, https:\/\/animo.eu\/wp-content\/uploads\/2023\/01\/Arnoud-Bos-BLog-700x700.png 700w, https:\/\/animo.eu\/wp-content\/uploads\/2023\/01\/Arnoud-Bos-BLog-350x350.png 350w, https:\/\/animo.eu\/wp-content\/uploads\/2023\/01\/Arnoud-Bos-BLog.png 1122w\" sizes=\"(max-width: 1024px) 100vw, 1024px\" \/>                    <\/figure>\n                <\/div>\n                    <\/div>\n    <\/div>\n<\/section>\n\n<section  class=\"pane pane--tertiary \">\n    <div class=\"container\">\n        <div class=\"row g-4 g-lg-8 g-xl-15 g-xxl-20  flex-lg-row-reverse\">\n                            <div class=\"col-12 col-lg-6\">\n                    <div class=\"pane__text\">\n                        <h2>P\u00e5 vei til kunden<\/h2>\n<div><strong>07:45 \u2013 Bilen varmer opp og jeg starter kj\u00f8returen<\/strong><\/div>\n<div>Om morgenen f\u00f8r jeg setter meg i bilen for \u00e5 g\u00e5 til kundene mine, sjekker jeg gjeldende trafikkinformasjon og e-posten min. S\u00e5 kj\u00f8rer jeg til dagens f\u00f8rste avtale. Under en slik tur ringer jeg v\u00e5re kollegaer fra kontoret for \u00e5 h\u00f8re om det er noen spesielle saker denne dagen eller om det er noen punkter jeg kan ta med under kundem\u00f8tet.<\/div>\n<div><\/div>\n<div><strong>9:30 \u2013 Dagens f\u00f8rste avtale<\/strong><\/div>\n<div>N\u00e5r jeg kommer til kunden nyter jeg f\u00f8rst en god kopp kaffe. Aktuelle forhold mellom forhandleren og Animo diskuteres deretter. Avtalene jeg har med mine klienter varierer mye i innhold. For eksempel har vi \u00e5rlige gjennomganger der vi ser tilbake p\u00e5 \u00e5ret som har g\u00e5tt og ser fremover p\u00e5 ny utvikling for det kommende \u00e5ret.<\/div>\n                                                \n                    <\/div>\n                <\/div>\n                                        <div class=\"col-12 col-lg\">\n                    <figure class=\"figure image_reversed\">\n                        <img decoding=\"async\" width=\"1024\" height=\"1024\" src=\"https:\/\/animo.eu\/wp-content\/uploads\/2023\/01\/Arnould_op_het_werk-1024x1024.png\" class=\"img-fluid\" alt=\"\" loading=\"lazy\" srcset=\"https:\/\/animo.eu\/wp-content\/uploads\/2023\/01\/Arnould_op_het_werk-1024x1024.png 1024w, https:\/\/animo.eu\/wp-content\/uploads\/2023\/01\/Arnould_op_het_werk-300x300.png 300w, https:\/\/animo.eu\/wp-content\/uploads\/2023\/01\/Arnould_op_het_werk-150x150.png 150w, https:\/\/animo.eu\/wp-content\/uploads\/2023\/01\/Arnould_op_het_werk-768x768.png 768w, https:\/\/animo.eu\/wp-content\/uploads\/2023\/01\/Arnould_op_het_werk-70x70.png 70w, https:\/\/animo.eu\/wp-content\/uploads\/2023\/01\/Arnould_op_het_werk-550x550.png 550w, https:\/\/animo.eu\/wp-content\/uploads\/2023\/01\/Arnould_op_het_werk-800x800.png 800w, https:\/\/animo.eu\/wp-content\/uploads\/2023\/01\/Arnould_op_het_werk-100x100.png 100w, https:\/\/animo.eu\/wp-content\/uploads\/2023\/01\/Arnould_op_het_werk-700x700.png 700w, https:\/\/animo.eu\/wp-content\/uploads\/2023\/01\/Arnould_op_het_werk-350x350.png 350w, https:\/\/animo.eu\/wp-content\/uploads\/2023\/01\/Arnould_op_het_werk.png 1122w\" sizes=\"(max-width: 1024px) 100vw, 1024px\" \/>                    <\/figure>\n                <\/div>\n                    <\/div>\n    <\/div>\n<\/section>\n\n<section  class=\"pane pane--white \">\n    <div class=\"container\">\n        <div class=\"row g-4 g-lg-8 g-xl-15 g-xxl-20  \">\n                            <div class=\"col-12 col-lg-6\">\n                    <div class=\"pane__text\">\n                        <h2>Anbudet<\/h2>\n<div>\n<div><strong>11.00 \u2013 Andre avtale<\/strong><\/div>\n<div>Denne avtalen jeg har med forhandleren er \u00e5 veilede ham med et anbud. Det er gitt privat anbud fra en institusjon og med utgangspunkt i program for krav og \u00f8nsker (PVE) skal jeg hjelpe forhandleren med \u00e5 tilby riktig utstyr. I tillegg g\u00e5r vi gjennom alle punkter i PVE for \u00e5 gi en best mulig tolkning av dette anbudet. Jeg gir ogs\u00e5 all etterspurt dokumentasjon som; CSR-dokumenter og informasjon om b\u00e6rekraft.<\/div>\n<div><\/div>\n<div><strong>12.15 \u2013 P\u00e5 vei til tredje avtale og en liten pause<\/strong><\/div>\n<div>Etter forrige avtale kj\u00f8rer jeg til min tredje avtale, p\u00e5 veien g\u00e5r jeg ut av bilen og spiser en sandwich. Under lunsjen leser jeg gjennom e-posten min og ringer tilbake en del.<\/div>\n<\/div>\n                                                \n                    <\/div>\n                <\/div>\n                                        <div class=\"col-12 col-lg\">\n                    <figure class=\"figure \">\n                        <img decoding=\"async\" width=\"1024\" height=\"1024\" src=\"https:\/\/animo.eu\/wp-content\/uploads\/2023\/01\/Contract-1024x1024.png\" class=\"img-fluid\" alt=\"\" loading=\"lazy\" srcset=\"https:\/\/animo.eu\/wp-content\/uploads\/2023\/01\/Contract-1024x1024.png 1024w, https:\/\/animo.eu\/wp-content\/uploads\/2023\/01\/Contract-300x300.png 300w, https:\/\/animo.eu\/wp-content\/uploads\/2023\/01\/Contract-150x150.png 150w, https:\/\/animo.eu\/wp-content\/uploads\/2023\/01\/Contract-768x768.png 768w, https:\/\/animo.eu\/wp-content\/uploads\/2023\/01\/Contract-70x70.png 70w, https:\/\/animo.eu\/wp-content\/uploads\/2023\/01\/Contract-550x550.png 550w, https:\/\/animo.eu\/wp-content\/uploads\/2023\/01\/Contract-800x800.png 800w, https:\/\/animo.eu\/wp-content\/uploads\/2023\/01\/Contract-100x100.png 100w, https:\/\/animo.eu\/wp-content\/uploads\/2023\/01\/Contract-700x700.png 700w, https:\/\/animo.eu\/wp-content\/uploads\/2023\/01\/Contract-350x350.png 350w, https:\/\/animo.eu\/wp-content\/uploads\/2023\/01\/Contract.png 1122w\" sizes=\"(max-width: 1024px) 100vw, 1024px\" \/>                    <\/figure>\n                <\/div>\n                    <\/div>\n    <\/div>\n<\/section>\n\n<section  class=\"pane pane--tertiary \">\n    <div class=\"container\">\n        <div class=\"row g-4 g-lg-8 g-xl-15 g-xxl-20  flex-lg-row-reverse\">\n                            <div class=\"col-12 col-lg-6\">\n                    <div class=\"pane__text\">\n                        <h2>Pr\u00f8veplassering av OptiBean<\/h2>\n<div>\n<div>\n<div><strong>13:30 \u2013 Tredje avtale<\/strong><\/div>\n<div>En pr\u00f8veinstallasjon med en <a href=\"https:\/\/animo.eu\/no\/kaffemaskiner-2\/optibean\/\">OptiBean X<\/a> er planlagt i ettermiddag. Jeg g\u00e5r med forhandleren til en av sluttkundene hans for \u00e5 gi en pr\u00f8veinstallasjon. Maskinen stilles s\u00e5 inn etter sluttkundens og forhandlerens \u00f8nsker og tekst og forklaring gis. Maskinen kan da st\u00e5 p\u00e5 plass i en periode p\u00e5 cirka to uker slik at sluttkunden kan f\u00e5 et godt inntrykk av maskinen og dens drift.<\/div>\n<div><\/div>\n<div><strong>16:30 \u2013 Hjemme igjen<\/strong><\/div>\n<div>Bare ta tak i datamaskinen og fullf\u00f8r e-postene, jeg ser ogs\u00e5 p\u00e5 i morgen. Hvilke avtaler er planlagt for den dagen, og hvordan forbereder jeg dem?<\/div>\n<\/div>\n<\/div>\n                                                \n                    <\/div>\n                <\/div>\n                                        <div class=\"col-12 col-lg\">\n                    <figure class=\"figure image_reversed\">\n                        <img decoding=\"async\" width=\"1024\" height=\"1024\" src=\"https:\/\/animo.eu\/wp-content\/uploads\/2023\/01\/OptiBean-X-BPZ_wit-1024x1024.png\" class=\"img-fluid\" alt=\"\" loading=\"lazy\" srcset=\"https:\/\/animo.eu\/wp-content\/uploads\/2023\/01\/OptiBean-X-BPZ_wit-1024x1024.png 1024w, https:\/\/animo.eu\/wp-content\/uploads\/2023\/01\/OptiBean-X-BPZ_wit-300x300.png 300w, https:\/\/animo.eu\/wp-content\/uploads\/2023\/01\/OptiBean-X-BPZ_wit-150x150.png 150w, https:\/\/animo.eu\/wp-content\/uploads\/2023\/01\/OptiBean-X-BPZ_wit-768x768.png 768w, https:\/\/animo.eu\/wp-content\/uploads\/2023\/01\/OptiBean-X-BPZ_wit-70x70.png 70w, https:\/\/animo.eu\/wp-content\/uploads\/2023\/01\/OptiBean-X-BPZ_wit-550x550.png 550w, https:\/\/animo.eu\/wp-content\/uploads\/2023\/01\/OptiBean-X-BPZ_wit-800x800.png 800w, https:\/\/animo.eu\/wp-content\/uploads\/2023\/01\/OptiBean-X-BPZ_wit-100x100.png 100w, https:\/\/animo.eu\/wp-content\/uploads\/2023\/01\/OptiBean-X-BPZ_wit-700x700.png 700w, https:\/\/animo.eu\/wp-content\/uploads\/2023\/01\/OptiBean-X-BPZ_wit-350x350.png 350w, https:\/\/animo.eu\/wp-content\/uploads\/2023\/01\/OptiBean-X-BPZ_wit.png 1122w\" sizes=\"(max-width: 1024px) 100vw, 1024px\" \/>                    <\/figure>\n                <\/div>\n                    <\/div>\n    <\/div>\n<\/section>\n","protected":false},"excerpt":{"rendered":"","protected":false},"author":1,"featured_media":41284,"comment_status":"closed","ping_status":"open","sticky":false,"template":"","format":"standard","meta":{"_acf_changed":false,"footnotes":""},"categories":[120],"tags":[],"class_list":["post-42773","post","type-post","status-publish","format-standard","has-post-thumbnail","hentry","category-arbeidsdagen-til"],"acf":[],"yoast_head":"<!-- This site is optimized with the Yoast SEO plugin v25.5 - https:\/\/yoast.com\/wordpress\/plugins\/seo\/ -->\n<title>En arbeidsdag i livet til Arnoud -<\/title>\n<meta name=\"description\" content=\"En arbeidsdag i livet til Arnoud -\" \/>\n<meta name=\"robots\" content=\"index, follow, max-snippet:-1, max-image-preview:large, max-video-preview:-1\" \/>\n<link rel=\"canonical\" href=\"https:\/\/animo.eu\/no\/en-arbeidsdag-i-livet-til-arnoud\/\" \/>\n<meta property=\"og:locale\" content=\"nb_NO\" \/>\n<meta property=\"og:type\" content=\"article\" \/>\n<meta property=\"og:title\" content=\"En arbeidsdag i livet til Arnoud -\" \/>\n<meta property=\"og:description\" content=\"En arbeidsdag i livet til Arnoud -\" \/>\n<meta property=\"og:url\" content=\"https:\/\/animo.eu\/no\/en-arbeidsdag-i-livet-til-arnoud\/\" \/>\n<meta property=\"article:publisher\" content=\"https:\/\/www.facebook.com\/animobv\/\" \/>\n<meta property=\"article:published_time\" content=\"2023-01-10T14:01:57+00:00\" \/>\n<meta property=\"article:modified_time\" content=\"2023-12-18T13:57:45+00:00\" \/>\n<meta property=\"og:image\" content=\"https:\/\/animo.eu\/wp-content\/uploads\/2023\/01\/Images_Blog_consulting-g89813e129_1920.jpg\" \/>\n\t<meta property=\"og:image:width\" content=\"960\" \/>\n\t<meta property=\"og:image:height\" content=\"640\" \/>\n\t<meta property=\"og:image:type\" content=\"image\/jpeg\" \/>\n<meta name=\"author\" content=\"Stevens\" \/>\n<meta name=\"twitter:card\" content=\"summary_large_image\" \/>\n<meta name=\"twitter:creator\" content=\"@animokoffie\" \/>\n<meta name=\"twitter:site\" content=\"@animokoffie\" \/>\n<meta name=\"twitter:label1\" content=\"Skrevet av\" \/>\n\t<meta name=\"twitter:data1\" content=\"Stevens\" \/>\n<script type=\"application\/ld+json\" class=\"yoast-schema-graph\">{\"@context\":\"https:\/\/schema.org\",\"@graph\":[{\"@type\":\"WebPage\",\"@id\":\"https:\/\/animo.eu\/no\/en-arbeidsdag-i-livet-til-arnoud\/\",\"url\":\"https:\/\/animo.eu\/no\/en-arbeidsdag-i-livet-til-arnoud\/\",\"name\":\"En arbeidsdag i livet til Arnoud -\",\"isPartOf\":{\"@id\":\"https:\/\/animo.eu\/no\/#website\"},\"primaryImageOfPage\":{\"@id\":\"https:\/\/animo.eu\/no\/en-arbeidsdag-i-livet-til-arnoud\/#primaryimage\"},\"image\":{\"@id\":\"https:\/\/animo.eu\/no\/en-arbeidsdag-i-livet-til-arnoud\/#primaryimage\"},\"thumbnailUrl\":\"https:\/\/animo.eu\/wp-content\/uploads\/2023\/01\/Images_Blog_consulting-g89813e129_1920.jpg\",\"datePublished\":\"2023-01-10T14:01:57+00:00\",\"dateModified\":\"2023-12-18T13:57:45+00:00\",\"author\":{\"@id\":\"https:\/\/animo.eu\/no\/#\/schema\/person\/f20480df343eb8b274386a4c75f5b074\"},\"description\":\"En arbeidsdag i livet til Arnoud -\",\"breadcrumb\":{\"@id\":\"https:\/\/animo.eu\/no\/en-arbeidsdag-i-livet-til-arnoud\/#breadcrumb\"},\"inLanguage\":\"nb-NO\",\"potentialAction\":[{\"@type\":\"ReadAction\",\"target\":[\"https:\/\/animo.eu\/no\/en-arbeidsdag-i-livet-til-arnoud\/\"]}]},{\"@type\":\"ImageObject\",\"inLanguage\":\"nb-NO\",\"@id\":\"https:\/\/animo.eu\/no\/en-arbeidsdag-i-livet-til-arnoud\/#primaryimage\",\"url\":\"https:\/\/animo.eu\/wp-content\/uploads\/2023\/01\/Images_Blog_consulting-g89813e129_1920.jpg\",\"contentUrl\":\"https:\/\/animo.eu\/wp-content\/uploads\/2023\/01\/Images_Blog_consulting-g89813e129_1920.jpg\",\"width\":960,\"height\":640},{\"@type\":\"BreadcrumbList\",\"@id\":\"https:\/\/animo.eu\/no\/en-arbeidsdag-i-livet-til-arnoud\/#breadcrumb\",\"itemListElement\":[{\"@type\":\"ListItem\",\"position\":1,\"name\":\"Home\",\"item\":\"https:\/\/animo.eu\/no\/\"},{\"@type\":\"ListItem\",\"position\":2,\"name\":\"En arbeidsdag i livet til Arnoud\"}]},{\"@type\":\"WebSite\",\"@id\":\"https:\/\/animo.eu\/no\/#website\",\"url\":\"https:\/\/animo.eu\/no\/\",\"name\":\"\",\"description\":\"\",\"potentialAction\":[{\"@type\":\"SearchAction\",\"target\":{\"@type\":\"EntryPoint\",\"urlTemplate\":\"https:\/\/animo.eu\/no\/?s={search_term_string}\"},\"query-input\":{\"@type\":\"PropertyValueSpecification\",\"valueRequired\":true,\"valueName\":\"search_term_string\"}}],\"inLanguage\":\"nb-NO\"},{\"@type\":\"Person\",\"@id\":\"https:\/\/animo.eu\/no\/#\/schema\/person\/f20480df343eb8b274386a4c75f5b074\",\"name\":\"Stevens\",\"image\":{\"@type\":\"ImageObject\",\"inLanguage\":\"nb-NO\",\"@id\":\"https:\/\/animo.eu\/no\/#\/schema\/person\/image\/\",\"url\":\"https:\/\/secure.gravatar.com\/avatar\/2f00e29e6de71c77bc2d42f265f2d805?s=96&d=mm&r=g\",\"contentUrl\":\"https:\/\/secure.gravatar.com\/avatar\/2f00e29e6de71c77bc2d42f265f2d805?s=96&d=mm&r=g\",\"caption\":\"Stevens\"},\"sameAs\":[\"https:\/\/animo.xdemo.nl\"],\"url\":\"https:\/\/animo.eu\/no\/author\/x-interactive\/\"}]}<\/script>\n<!-- \/ Yoast SEO plugin. -->","yoast_head_json":{"title":"En arbeidsdag i livet til Arnoud -","description":"En arbeidsdag i livet til Arnoud -","robots":{"index":"index","follow":"follow","max-snippet":"max-snippet:-1","max-image-preview":"max-image-preview:large","max-video-preview":"max-video-preview:-1"},"canonical":"https:\/\/animo.eu\/no\/en-arbeidsdag-i-livet-til-arnoud\/","og_locale":"nb_NO","og_type":"article","og_title":"En arbeidsdag i livet til Arnoud -","og_description":"En arbeidsdag i livet til Arnoud -","og_url":"https:\/\/animo.eu\/no\/en-arbeidsdag-i-livet-til-arnoud\/","article_publisher":"https:\/\/www.facebook.com\/animobv\/","article_published_time":"2023-01-10T14:01:57+00:00","article_modified_time":"2023-12-18T13:57:45+00:00","og_image":[{"width":960,"height":640,"url":"https:\/\/animo.eu\/wp-content\/uploads\/2023\/01\/Images_Blog_consulting-g89813e129_1920.jpg","type":"image\/jpeg"}],"author":"Stevens","twitter_card":"summary_large_image","twitter_creator":"@animokoffie","twitter_site":"@animokoffie","twitter_misc":{"Skrevet av":"Stevens"},"schema":{"@context":"https:\/\/schema.org","@graph":[{"@type":"WebPage","@id":"https:\/\/animo.eu\/no\/en-arbeidsdag-i-livet-til-arnoud\/","url":"https:\/\/animo.eu\/no\/en-arbeidsdag-i-livet-til-arnoud\/","name":"En arbeidsdag i livet til Arnoud -","isPartOf":{"@id":"https:\/\/animo.eu\/no\/#website"},"primaryImageOfPage":{"@id":"https:\/\/animo.eu\/no\/en-arbeidsdag-i-livet-til-arnoud\/#primaryimage"},"image":{"@id":"https:\/\/animo.eu\/no\/en-arbeidsdag-i-livet-til-arnoud\/#primaryimage"},"thumbnailUrl":"https:\/\/animo.eu\/wp-content\/uploads\/2023\/01\/Images_Blog_consulting-g89813e129_1920.jpg","datePublished":"2023-01-10T14:01:57+00:00","dateModified":"2023-12-18T13:57:45+00:00","author":{"@id":"https:\/\/animo.eu\/no\/#\/schema\/person\/f20480df343eb8b274386a4c75f5b074"},"description":"En arbeidsdag i livet til Arnoud -","breadcrumb":{"@id":"https:\/\/animo.eu\/no\/en-arbeidsdag-i-livet-til-arnoud\/#breadcrumb"},"inLanguage":"nb-NO","potentialAction":[{"@type":"ReadAction","target":["https:\/\/animo.eu\/no\/en-arbeidsdag-i-livet-til-arnoud\/"]}]},{"@type":"ImageObject","inLanguage":"nb-NO","@id":"https:\/\/animo.eu\/no\/en-arbeidsdag-i-livet-til-arnoud\/#primaryimage","url":"https:\/\/animo.eu\/wp-content\/uploads\/2023\/01\/Images_Blog_consulting-g89813e129_1920.jpg","contentUrl":"https:\/\/animo.eu\/wp-content\/uploads\/2023\/01\/Images_Blog_consulting-g89813e129_1920.jpg","width":960,"height":640},{"@type":"BreadcrumbList","@id":"https:\/\/animo.eu\/no\/en-arbeidsdag-i-livet-til-arnoud\/#breadcrumb","itemListElement":[{"@type":"ListItem","position":1,"name":"Home","item":"https:\/\/animo.eu\/no\/"},{"@type":"ListItem","position":2,"name":"En arbeidsdag i livet til Arnoud"}]},{"@type":"WebSite","@id":"https:\/\/animo.eu\/no\/#website","url":"https:\/\/animo.eu\/no\/","name":"","description":"","potentialAction":[{"@type":"SearchAction","target":{"@type":"EntryPoint","urlTemplate":"https:\/\/animo.eu\/no\/?s={search_term_string}"},"query-input":{"@type":"PropertyValueSpecification","valueRequired":true,"valueName":"search_term_string"}}],"inLanguage":"nb-NO"},{"@type":"Person","@id":"https:\/\/animo.eu\/no\/#\/schema\/person\/f20480df343eb8b274386a4c75f5b074","name":"Stevens","image":{"@type":"ImageObject","inLanguage":"nb-NO","@id":"https:\/\/animo.eu\/no\/#\/schema\/person\/image\/","url":"https:\/\/secure.gravatar.com\/avatar\/2f00e29e6de71c77bc2d42f265f2d805?s=96&d=mm&r=g","contentUrl":"https:\/\/secure.gravatar.com\/avatar\/2f00e29e6de71c77bc2d42f265f2d805?s=96&d=mm&r=g","caption":"Stevens"},"sameAs":["https:\/\/animo.xdemo.nl"],"url":"https:\/\/animo.eu\/no\/author\/x-interactive\/"}]}},"_links":{"self":[{"href":"https:\/\/animo.eu\/no\/wp-json\/wp\/v2\/posts\/42773"}],"collection":[{"href":"https:\/\/animo.eu\/no\/wp-json\/wp\/v2\/posts"}],"about":[{"href":"https:\/\/animo.eu\/no\/wp-json\/wp\/v2\/types\/post"}],"author":[{"embeddable":true,"href":"https:\/\/animo.eu\/no\/wp-json\/wp\/v2\/users\/1"}],"replies":[{"embeddable":true,"href":"https:\/\/animo.eu\/no\/wp-json\/wp\/v2\/comments?post=42773"}],"version-history":[{"count":1,"href":"https:\/\/animo.eu\/no\/wp-json\/wp\/v2\/posts\/42773\/revisions"}],"predecessor-version":[{"id":42774,"href":"https:\/\/animo.eu\/no\/wp-json\/wp\/v2\/posts\/42773\/revisions\/42774"}],"wp:featuredmedia":[{"embeddable":true,"href":"https:\/\/animo.eu\/no\/wp-json\/wp\/v2\/media\/41284"}],"wp:attachment":[{"href":"https:\/\/animo.eu\/no\/wp-json\/wp\/v2\/media?parent=42773"}],"wp:term":[{"taxonomy":"category","embeddable":true,"href":"https:\/\/animo.eu\/no\/wp-json\/wp\/v2\/categories?post=42773"},{"taxonomy":"post_tag","embeddable":true,"href":"https:\/\/animo.eu\/no\/wp-json\/wp\/v2\/tags?post=42773"}],"curies":[{"name":"wp","href":"https:\/\/api.w.org\/{rel}","templated":true}]}}