{"id":42775,"date":"2023-01-10T15:01:57","date_gmt":"2023-01-10T14:01:57","guid":{"rendered":"https:\/\/animo.eu\/en-arbetsdag-i-arnouds-liv\/"},"modified":"2023-12-18T14:58:29","modified_gmt":"2023-12-18T13:58:29","slug":"en-arbetsdag-i-arnouds-liv","status":"publish","type":"post","link":"https:\/\/animo.eu\/sv\/en-arbetsdag-i-arnouds-liv\/","title":{"rendered":"En arbetsdag i Arnouds liv"},"content":{"rendered":"\n<section  class=\"pane pane--tertiary \">\n    <div class=\"container\">\n        <div class=\"row g-4 g-lg-8 g-xl-15 justify-content-center\">\n                                                <div class=\"col-12 col-lg-8\">\n                        <div class=\"pane__text\">\n                            <h2>I denna nya blogg tar vi dig genom en arbetsdag i Arnouds liv<\/h2>\n                                                    <\/div>\n                    <\/div>\n                                    <\/div>\n    <\/div>\n<\/section>\n\n<section  class=\"pane pane--white \">\n    <div class=\"container\">\n        <div class=\"row g-4 g-lg-8 g-xl-15 g-xxl-20  \">\n                            <div class=\"col-12 col-lg-6\">\n                    <div class=\"pane__text\">\n                        <h2>Kundansvarig p\u00e5 Animo<\/h2>\n<p>Kv\u00e4llen innan tittar jag ofta i kalendern f\u00f6r n\u00e4sta dag, f\u00f6r att veta vart jag ska \u00e5ka s\u00e5 att jag kan ta h\u00e4nsyn till trafiken eller hur l\u00e5ngt jag beh\u00f6ver k\u00f6ra. Beroende p\u00e5 vilken tid och var jag beh\u00f6ver vara \u00e5ker jag hemifr\u00e5n mot kunden\/\u00e5terf\u00f6rs\u00e4ljaren.<\/p>\n<p>Antalet m\u00f6ten beror mycket p\u00e5 typen av samtal, v\u00e5rt m\u00e5l \u00e4r att g\u00f6ra tre m\u00f6ten p\u00e5 en dag.<\/p>\n<p>Det finns alltid en anledning eller ett syfte med m\u00f6tet, det kan vara samarbete, en ny produkt, minskad f\u00f6rs\u00e4ljning, \u00f6kad f\u00f6rs\u00e4ljning, att man inte l\u00e4ngre vill ha en viss produkt. Den r\u00f6da tr\u00e5den \u00e4r alltid handel.<\/p>\n                                                \n                    <\/div>\n                <\/div>\n                                        <div class=\"col-12 col-lg\">\n                    <figure class=\"figure \">\n                        <img decoding=\"async\" width=\"1024\" height=\"1024\" src=\"https:\/\/animo.eu\/wp-content\/uploads\/2023\/01\/Arnoud-Bos-BLog-1024x1024.png\" class=\"img-fluid\" alt=\"\" loading=\"lazy\" srcset=\"https:\/\/animo.eu\/wp-content\/uploads\/2023\/01\/Arnoud-Bos-BLog-1024x1024.png 1024w, https:\/\/animo.eu\/wp-content\/uploads\/2023\/01\/Arnoud-Bos-BLog-300x300.png 300w, https:\/\/animo.eu\/wp-content\/uploads\/2023\/01\/Arnoud-Bos-BLog-150x150.png 150w, https:\/\/animo.eu\/wp-content\/uploads\/2023\/01\/Arnoud-Bos-BLog-768x768.png 768w, https:\/\/animo.eu\/wp-content\/uploads\/2023\/01\/Arnoud-Bos-BLog-70x70.png 70w, https:\/\/animo.eu\/wp-content\/uploads\/2023\/01\/Arnoud-Bos-BLog-550x550.png 550w, https:\/\/animo.eu\/wp-content\/uploads\/2023\/01\/Arnoud-Bos-BLog-800x800.png 800w, https:\/\/animo.eu\/wp-content\/uploads\/2023\/01\/Arnoud-Bos-BLog-100x100.png 100w, https:\/\/animo.eu\/wp-content\/uploads\/2023\/01\/Arnoud-Bos-BLog-700x700.png 700w, https:\/\/animo.eu\/wp-content\/uploads\/2023\/01\/Arnoud-Bos-BLog-350x350.png 350w, https:\/\/animo.eu\/wp-content\/uploads\/2023\/01\/Arnoud-Bos-BLog.png 1122w\" sizes=\"(max-width: 1024px) 100vw, 1024px\" \/>                    <\/figure>\n                <\/div>\n                    <\/div>\n    <\/div>\n<\/section>\n\n<section  class=\"pane pane--tertiary \">\n    <div class=\"container\">\n        <div class=\"row g-4 g-lg-8 g-xl-15 g-xxl-20  flex-lg-row-reverse\">\n                            <div class=\"col-12 col-lg-6\">\n                    <div class=\"pane__text\">\n                        <h2>P\u00e5 v\u00e4g till kunden<\/h2>\n<div><strong>7.45 &#8211; Bilen v\u00e4rms upp och jag b\u00f6rjar min k\u00f6rning<\/strong><\/div>\n<div>P\u00e5 morgonen innan jag s\u00e4tter mig i bilen f\u00f6r att \u00e5ka till mina kunder kollar jag den senaste trafikinformationen och min e-post. Sedan k\u00f6r jag till dagens f\u00f6rsta m\u00f6te. Under en s\u00e5dan k\u00f6rning ringer jag v\u00e5ra kollegor inom innes\u00e4lj f\u00f6r att ta reda p\u00e5 om det finns n\u00e5gra speciella omst\u00e4ndigheter den dagen eller om det finns n\u00e5gra intressanta punkter som jag kan ta h\u00e4nsyn till under kundm\u00f6tet.<\/div>\n<div><\/div>\n<div><strong>9.30 &#8211; Dagens f\u00f6rsta m\u00f6te<\/strong><\/div>\n<div>N\u00e4r jag anl\u00e4nder till kundens lokaler njuter jag f\u00f6rst av en god kopp kaffe. D\u00e4refter diskuteras p\u00e5g\u00e5ende fr\u00e5gor mellan \u00e5terf\u00f6rs\u00e4ljaren och Animo. De m\u00f6ten jag har med mina kunder har mycket olika inneh\u00e5ll. Vi har till exempel \u00e5rliga intervjuer d\u00e4r vi ser tillbaka p\u00e5 det g\u00e5ngna \u00e5ret och blickar fram\u00e5t mot nya utvecklingar f\u00f6r det kommande \u00e5ret.<\/div>\n                                                \n                    <\/div>\n                <\/div>\n                                        <div class=\"col-12 col-lg\">\n                    <figure class=\"figure image_reversed\">\n                        <img decoding=\"async\" width=\"1024\" height=\"1024\" src=\"https:\/\/animo.eu\/wp-content\/uploads\/2023\/01\/Arnould_op_het_werk-1024x1024.png\" class=\"img-fluid\" alt=\"\" loading=\"lazy\" srcset=\"https:\/\/animo.eu\/wp-content\/uploads\/2023\/01\/Arnould_op_het_werk-1024x1024.png 1024w, https:\/\/animo.eu\/wp-content\/uploads\/2023\/01\/Arnould_op_het_werk-300x300.png 300w, https:\/\/animo.eu\/wp-content\/uploads\/2023\/01\/Arnould_op_het_werk-150x150.png 150w, https:\/\/animo.eu\/wp-content\/uploads\/2023\/01\/Arnould_op_het_werk-768x768.png 768w, https:\/\/animo.eu\/wp-content\/uploads\/2023\/01\/Arnould_op_het_werk-70x70.png 70w, https:\/\/animo.eu\/wp-content\/uploads\/2023\/01\/Arnould_op_het_werk-550x550.png 550w, https:\/\/animo.eu\/wp-content\/uploads\/2023\/01\/Arnould_op_het_werk-800x800.png 800w, https:\/\/animo.eu\/wp-content\/uploads\/2023\/01\/Arnould_op_het_werk-100x100.png 100w, https:\/\/animo.eu\/wp-content\/uploads\/2023\/01\/Arnould_op_het_werk-700x700.png 700w, https:\/\/animo.eu\/wp-content\/uploads\/2023\/01\/Arnould_op_het_werk-350x350.png 350w, https:\/\/animo.eu\/wp-content\/uploads\/2023\/01\/Arnould_op_het_werk.png 1122w\" sizes=\"(max-width: 1024px) 100vw, 1024px\" \/>                    <\/figure>\n                <\/div>\n                    <\/div>\n    <\/div>\n<\/section>\n\n<section  class=\"pane pane--white \">\n    <div class=\"container\">\n        <div class=\"row g-4 g-lg-8 g-xl-15 g-xxl-20  \">\n                            <div class=\"col-12 col-lg-6\">\n                    <div class=\"pane__text\">\n                        <h2>Anbudsf\u00f6rfarande<\/h2>\n<div>\n<div><strong>11.00 &#8211; Andra m\u00f6tet<\/strong><\/div>\n<div>Den \u00f6verenskommelse jag har med \u00e5terf\u00f6rs\u00e4ljaren \u00e4r att f\u00f6lja med honom med ett anbud. Ett privat anbud har utf\u00e4rdats av en institution och baserat p\u00e5 kravprogrammet (PVE) ska jag hj\u00e4lpa \u00e5terf\u00f6rs\u00e4ljaren att erbjuda r\u00e4tt utrustning. Vi g\u00e5r ocks\u00e5 igenom alla punkter i PVE f\u00f6r att s\u00e4kerst\u00e4lla b\u00e4sta m\u00f6jliga uppfyllande av detta anbud. Jag tillhandah\u00e5ller ocks\u00e5 all efterfr\u00e5gad dokumentation s\u00e5som CSR-dokument och h\u00e5llbarhetsinformation.<\/div>\n<div><\/div>\n<div><strong>12.15 &#8211; P\u00e5 v\u00e4g till det tredje m\u00f6tet och en kort paus<\/strong><\/div>\n<div>Efter det f\u00f6reg\u00e5ende m\u00f6tet k\u00f6r jag mot mitt tredje m\u00f6te, p\u00e5 v\u00e4gen g\u00e5r jag ur bilen och \u00e4ter en sm\u00f6rg\u00e5s. Under lunchen l\u00e4ser jag igenom min e-post och g\u00f6r n\u00e5gra \u00e5teruppringningar.<\/div>\n<\/div>\n                                                \n                    <\/div>\n                <\/div>\n                                        <div class=\"col-12 col-lg\">\n                    <figure class=\"figure \">\n                        <img decoding=\"async\" width=\"1024\" height=\"1024\" src=\"https:\/\/animo.eu\/wp-content\/uploads\/2023\/01\/Contract-1024x1024.png\" class=\"img-fluid\" alt=\"\" loading=\"lazy\" srcset=\"https:\/\/animo.eu\/wp-content\/uploads\/2023\/01\/Contract-1024x1024.png 1024w, https:\/\/animo.eu\/wp-content\/uploads\/2023\/01\/Contract-300x300.png 300w, https:\/\/animo.eu\/wp-content\/uploads\/2023\/01\/Contract-150x150.png 150w, https:\/\/animo.eu\/wp-content\/uploads\/2023\/01\/Contract-768x768.png 768w, https:\/\/animo.eu\/wp-content\/uploads\/2023\/01\/Contract-70x70.png 70w, https:\/\/animo.eu\/wp-content\/uploads\/2023\/01\/Contract-550x550.png 550w, https:\/\/animo.eu\/wp-content\/uploads\/2023\/01\/Contract-800x800.png 800w, https:\/\/animo.eu\/wp-content\/uploads\/2023\/01\/Contract-100x100.png 100w, https:\/\/animo.eu\/wp-content\/uploads\/2023\/01\/Contract-700x700.png 700w, https:\/\/animo.eu\/wp-content\/uploads\/2023\/01\/Contract-350x350.png 350w, https:\/\/animo.eu\/wp-content\/uploads\/2023\/01\/Contract.png 1122w\" sizes=\"(max-width: 1024px) 100vw, 1024px\" \/>                    <\/figure>\n                <\/div>\n                    <\/div>\n    <\/div>\n<\/section>\n\n<section  class=\"pane pane--tertiary \">\n    <div class=\"container\">\n        <div class=\"row g-4 g-lg-8 g-xl-15 g-xxl-20  flex-lg-row-reverse\">\n                            <div class=\"col-12 col-lg-6\">\n                    <div class=\"pane__text\">\n                        <h2>Testplacering av OptiBean X<\/h2>\n<div>\n<div>\n<div><strong>1.30pm &#8211; Tredje m\u00f6tet<\/strong><\/div>\n<div>En testplacering med en <a href=\"https:\/\/animo.eu\/sv\/kaffemaskiner\/optibean-x\/\">OptiBean X<\/a> \u00e4r planerad till i eftermiddag. Jag f\u00f6ljer med \u00e5terf\u00f6rs\u00e4ljaren till en av hans slutkunder f\u00f6r att tillhandah\u00e5lla en provplacering. Automaten st\u00e4lls sedan in enligt slutkundens och \u00e5terf\u00f6rs\u00e4ljarens \u00f6nskem\u00e5l och f\u00f6rklaringar ges. Automaten kan sedan st\u00e5 kvar i cirka tv\u00e5 veckor s\u00e5 att slutkunden kan f\u00e5 ett bra intryck av automaten och dess funktion.<\/div>\n<div><\/div>\n<div><strong>16:30 &#8211; Hemma igen<\/strong><\/div>\n<div>Jag h\u00e5ller fortfarande p\u00e5 med datorn och avslutar e-postmeddelanden och tar ocks\u00e5 en titt p\u00e5 morgondagen. Vilka m\u00f6ten som \u00e4r inplanerade den dagen och hur jag f\u00f6rbereder mig.<\/div>\n<\/div>\n<\/div>\n                                                \n                    <\/div>\n                <\/div>\n                                        <div class=\"col-12 col-lg\">\n                    <figure class=\"figure image_reversed\">\n                        <img decoding=\"async\" width=\"1024\" height=\"1024\" src=\"https:\/\/animo.eu\/wp-content\/uploads\/2023\/01\/OptiBean-X-BPZ_wit-1024x1024.png\" class=\"img-fluid\" alt=\"\" loading=\"lazy\" srcset=\"https:\/\/animo.eu\/wp-content\/uploads\/2023\/01\/OptiBean-X-BPZ_wit-1024x1024.png 1024w, https:\/\/animo.eu\/wp-content\/uploads\/2023\/01\/OptiBean-X-BPZ_wit-300x300.png 300w, https:\/\/animo.eu\/wp-content\/uploads\/2023\/01\/OptiBean-X-BPZ_wit-150x150.png 150w, https:\/\/animo.eu\/wp-content\/uploads\/2023\/01\/OptiBean-X-BPZ_wit-768x768.png 768w, https:\/\/animo.eu\/wp-content\/uploads\/2023\/01\/OptiBean-X-BPZ_wit-70x70.png 70w, https:\/\/animo.eu\/wp-content\/uploads\/2023\/01\/OptiBean-X-BPZ_wit-550x550.png 550w, https:\/\/animo.eu\/wp-content\/uploads\/2023\/01\/OptiBean-X-BPZ_wit-800x800.png 800w, https:\/\/animo.eu\/wp-content\/uploads\/2023\/01\/OptiBean-X-BPZ_wit-100x100.png 100w, https:\/\/animo.eu\/wp-content\/uploads\/2023\/01\/OptiBean-X-BPZ_wit-700x700.png 700w, https:\/\/animo.eu\/wp-content\/uploads\/2023\/01\/OptiBean-X-BPZ_wit-350x350.png 350w, https:\/\/animo.eu\/wp-content\/uploads\/2023\/01\/OptiBean-X-BPZ_wit.png 1122w\" sizes=\"(max-width: 1024px) 100vw, 1024px\" \/>                    <\/figure>\n                <\/div>\n                    <\/div>\n    <\/div>\n<\/section>\n","protected":false},"excerpt":{"rendered":"","protected":false},"author":1,"featured_media":41285,"comment_status":"closed","ping_status":"open","sticky":false,"template":"","format":"standard","meta":{"_acf_changed":false,"footnotes":""},"categories":[121],"tags":[],"class_list":["post-42775","post","type-post","status-publish","format-standard","has-post-thumbnail","hentry","category-arbetsdag-for"],"acf":[],"yoast_head":"<!-- This site is optimized with the Yoast SEO plugin v25.5 - https:\/\/yoast.com\/wordpress\/plugins\/seo\/ -->\n<title>En arbetsdag i Arnouds liv -<\/title>\n<meta name=\"description\" content=\"En arbetsdag i Arnouds liv -\" \/>\n<meta name=\"robots\" content=\"index, follow, max-snippet:-1, max-image-preview:large, max-video-preview:-1\" \/>\n<link rel=\"canonical\" href=\"https:\/\/animo.eu\/sv\/en-arbetsdag-i-arnouds-liv\/\" \/>\n<meta property=\"og:locale\" content=\"sv_SE\" \/>\n<meta property=\"og:type\" content=\"article\" \/>\n<meta property=\"og:title\" content=\"En arbetsdag i Arnouds liv -\" \/>\n<meta property=\"og:description\" content=\"En arbetsdag i Arnouds liv -\" \/>\n<meta property=\"og:url\" content=\"https:\/\/animo.eu\/sv\/en-arbetsdag-i-arnouds-liv\/\" \/>\n<meta property=\"article:publisher\" content=\"https:\/\/www.facebook.com\/animobv\/\" \/>\n<meta property=\"article:published_time\" content=\"2023-01-10T14:01:57+00:00\" \/>\n<meta property=\"article:modified_time\" content=\"2023-12-18T13:58:29+00:00\" \/>\n<meta property=\"og:image\" content=\"https:\/\/animo.eu\/wp-content\/uploads\/2023\/01\/Images_Blog_consulting-g89813e129_1920.jpg\" \/>\n\t<meta property=\"og:image:width\" content=\"960\" \/>\n\t<meta property=\"og:image:height\" content=\"640\" \/>\n\t<meta property=\"og:image:type\" content=\"image\/jpeg\" \/>\n<meta name=\"author\" content=\"Stevens\" \/>\n<meta name=\"twitter:card\" content=\"summary_large_image\" \/>\n<meta name=\"twitter:creator\" content=\"@animokoffie\" \/>\n<meta name=\"twitter:site\" content=\"@animokoffie\" \/>\n<meta name=\"twitter:label1\" content=\"Skriven av\" \/>\n\t<meta name=\"twitter:data1\" content=\"Stevens\" \/>\n<script type=\"application\/ld+json\" class=\"yoast-schema-graph\">{\"@context\":\"https:\/\/schema.org\",\"@graph\":[{\"@type\":\"WebPage\",\"@id\":\"https:\/\/animo.eu\/sv\/en-arbetsdag-i-arnouds-liv\/\",\"url\":\"https:\/\/animo.eu\/sv\/en-arbetsdag-i-arnouds-liv\/\",\"name\":\"En arbetsdag i Arnouds liv -\",\"isPartOf\":{\"@id\":\"https:\/\/animo.eu\/sv\/#website\"},\"primaryImageOfPage\":{\"@id\":\"https:\/\/animo.eu\/sv\/en-arbetsdag-i-arnouds-liv\/#primaryimage\"},\"image\":{\"@id\":\"https:\/\/animo.eu\/sv\/en-arbetsdag-i-arnouds-liv\/#primaryimage\"},\"thumbnailUrl\":\"https:\/\/animo.eu\/wp-content\/uploads\/2023\/01\/Images_Blog_consulting-g89813e129_1920.jpg\",\"datePublished\":\"2023-01-10T14:01:57+00:00\",\"dateModified\":\"2023-12-18T13:58:29+00:00\",\"author\":{\"@id\":\"https:\/\/animo.eu\/sv\/#\/schema\/person\/f20480df343eb8b274386a4c75f5b074\"},\"description\":\"En arbetsdag i Arnouds liv -\",\"breadcrumb\":{\"@id\":\"https:\/\/animo.eu\/sv\/en-arbetsdag-i-arnouds-liv\/#breadcrumb\"},\"inLanguage\":\"sv-SE\",\"potentialAction\":[{\"@type\":\"ReadAction\",\"target\":[\"https:\/\/animo.eu\/sv\/en-arbetsdag-i-arnouds-liv\/\"]}]},{\"@type\":\"ImageObject\",\"inLanguage\":\"sv-SE\",\"@id\":\"https:\/\/animo.eu\/sv\/en-arbetsdag-i-arnouds-liv\/#primaryimage\",\"url\":\"https:\/\/animo.eu\/wp-content\/uploads\/2023\/01\/Images_Blog_consulting-g89813e129_1920.jpg\",\"contentUrl\":\"https:\/\/animo.eu\/wp-content\/uploads\/2023\/01\/Images_Blog_consulting-g89813e129_1920.jpg\",\"width\":960,\"height\":640},{\"@type\":\"BreadcrumbList\",\"@id\":\"https:\/\/animo.eu\/sv\/en-arbetsdag-i-arnouds-liv\/#breadcrumb\",\"itemListElement\":[{\"@type\":\"ListItem\",\"position\":1,\"name\":\"Home\",\"item\":\"https:\/\/animo.eu\/sv\/\"},{\"@type\":\"ListItem\",\"position\":2,\"name\":\"En arbetsdag i Arnouds liv\"}]},{\"@type\":\"WebSite\",\"@id\":\"https:\/\/animo.eu\/sv\/#website\",\"url\":\"https:\/\/animo.eu\/sv\/\",\"name\":\"\",\"description\":\"\",\"potentialAction\":[{\"@type\":\"SearchAction\",\"target\":{\"@type\":\"EntryPoint\",\"urlTemplate\":\"https:\/\/animo.eu\/sv\/?s={search_term_string}\"},\"query-input\":{\"@type\":\"PropertyValueSpecification\",\"valueRequired\":true,\"valueName\":\"search_term_string\"}}],\"inLanguage\":\"sv-SE\"},{\"@type\":\"Person\",\"@id\":\"https:\/\/animo.eu\/sv\/#\/schema\/person\/f20480df343eb8b274386a4c75f5b074\",\"name\":\"Stevens\",\"image\":{\"@type\":\"ImageObject\",\"inLanguage\":\"sv-SE\",\"@id\":\"https:\/\/animo.eu\/sv\/#\/schema\/person\/image\/\",\"url\":\"https:\/\/secure.gravatar.com\/avatar\/2f00e29e6de71c77bc2d42f265f2d805?s=96&d=mm&r=g\",\"contentUrl\":\"https:\/\/secure.gravatar.com\/avatar\/2f00e29e6de71c77bc2d42f265f2d805?s=96&d=mm&r=g\",\"caption\":\"Stevens\"},\"sameAs\":[\"https:\/\/animo.xdemo.nl\"],\"url\":\"https:\/\/animo.eu\/sv\/author\/x-interactive\/\"}]}<\/script>\n<!-- \/ Yoast SEO plugin. -->","yoast_head_json":{"title":"En arbetsdag i Arnouds liv -","description":"En arbetsdag i Arnouds liv -","robots":{"index":"index","follow":"follow","max-snippet":"max-snippet:-1","max-image-preview":"max-image-preview:large","max-video-preview":"max-video-preview:-1"},"canonical":"https:\/\/animo.eu\/sv\/en-arbetsdag-i-arnouds-liv\/","og_locale":"sv_SE","og_type":"article","og_title":"En arbetsdag i Arnouds liv -","og_description":"En arbetsdag i Arnouds liv -","og_url":"https:\/\/animo.eu\/sv\/en-arbetsdag-i-arnouds-liv\/","article_publisher":"https:\/\/www.facebook.com\/animobv\/","article_published_time":"2023-01-10T14:01:57+00:00","article_modified_time":"2023-12-18T13:58:29+00:00","og_image":[{"width":960,"height":640,"url":"https:\/\/animo.eu\/wp-content\/uploads\/2023\/01\/Images_Blog_consulting-g89813e129_1920.jpg","type":"image\/jpeg"}],"author":"Stevens","twitter_card":"summary_large_image","twitter_creator":"@animokoffie","twitter_site":"@animokoffie","twitter_misc":{"Skriven av":"Stevens"},"schema":{"@context":"https:\/\/schema.org","@graph":[{"@type":"WebPage","@id":"https:\/\/animo.eu\/sv\/en-arbetsdag-i-arnouds-liv\/","url":"https:\/\/animo.eu\/sv\/en-arbetsdag-i-arnouds-liv\/","name":"En arbetsdag i Arnouds liv -","isPartOf":{"@id":"https:\/\/animo.eu\/sv\/#website"},"primaryImageOfPage":{"@id":"https:\/\/animo.eu\/sv\/en-arbetsdag-i-arnouds-liv\/#primaryimage"},"image":{"@id":"https:\/\/animo.eu\/sv\/en-arbetsdag-i-arnouds-liv\/#primaryimage"},"thumbnailUrl":"https:\/\/animo.eu\/wp-content\/uploads\/2023\/01\/Images_Blog_consulting-g89813e129_1920.jpg","datePublished":"2023-01-10T14:01:57+00:00","dateModified":"2023-12-18T13:58:29+00:00","author":{"@id":"https:\/\/animo.eu\/sv\/#\/schema\/person\/f20480df343eb8b274386a4c75f5b074"},"description":"En arbetsdag i Arnouds liv -","breadcrumb":{"@id":"https:\/\/animo.eu\/sv\/en-arbetsdag-i-arnouds-liv\/#breadcrumb"},"inLanguage":"sv-SE","potentialAction":[{"@type":"ReadAction","target":["https:\/\/animo.eu\/sv\/en-arbetsdag-i-arnouds-liv\/"]}]},{"@type":"ImageObject","inLanguage":"sv-SE","@id":"https:\/\/animo.eu\/sv\/en-arbetsdag-i-arnouds-liv\/#primaryimage","url":"https:\/\/animo.eu\/wp-content\/uploads\/2023\/01\/Images_Blog_consulting-g89813e129_1920.jpg","contentUrl":"https:\/\/animo.eu\/wp-content\/uploads\/2023\/01\/Images_Blog_consulting-g89813e129_1920.jpg","width":960,"height":640},{"@type":"BreadcrumbList","@id":"https:\/\/animo.eu\/sv\/en-arbetsdag-i-arnouds-liv\/#breadcrumb","itemListElement":[{"@type":"ListItem","position":1,"name":"Home","item":"https:\/\/animo.eu\/sv\/"},{"@type":"ListItem","position":2,"name":"En arbetsdag i Arnouds liv"}]},{"@type":"WebSite","@id":"https:\/\/animo.eu\/sv\/#website","url":"https:\/\/animo.eu\/sv\/","name":"","description":"","potentialAction":[{"@type":"SearchAction","target":{"@type":"EntryPoint","urlTemplate":"https:\/\/animo.eu\/sv\/?s={search_term_string}"},"query-input":{"@type":"PropertyValueSpecification","valueRequired":true,"valueName":"search_term_string"}}],"inLanguage":"sv-SE"},{"@type":"Person","@id":"https:\/\/animo.eu\/sv\/#\/schema\/person\/f20480df343eb8b274386a4c75f5b074","name":"Stevens","image":{"@type":"ImageObject","inLanguage":"sv-SE","@id":"https:\/\/animo.eu\/sv\/#\/schema\/person\/image\/","url":"https:\/\/secure.gravatar.com\/avatar\/2f00e29e6de71c77bc2d42f265f2d805?s=96&d=mm&r=g","contentUrl":"https:\/\/secure.gravatar.com\/avatar\/2f00e29e6de71c77bc2d42f265f2d805?s=96&d=mm&r=g","caption":"Stevens"},"sameAs":["https:\/\/animo.xdemo.nl"],"url":"https:\/\/animo.eu\/sv\/author\/x-interactive\/"}]}},"_links":{"self":[{"href":"https:\/\/animo.eu\/sv\/wp-json\/wp\/v2\/posts\/42775"}],"collection":[{"href":"https:\/\/animo.eu\/sv\/wp-json\/wp\/v2\/posts"}],"about":[{"href":"https:\/\/animo.eu\/sv\/wp-json\/wp\/v2\/types\/post"}],"author":[{"embeddable":true,"href":"https:\/\/animo.eu\/sv\/wp-json\/wp\/v2\/users\/1"}],"replies":[{"embeddable":true,"href":"https:\/\/animo.eu\/sv\/wp-json\/wp\/v2\/comments?post=42775"}],"version-history":[{"count":1,"href":"https:\/\/animo.eu\/sv\/wp-json\/wp\/v2\/posts\/42775\/revisions"}],"predecessor-version":[{"id":42776,"href":"https:\/\/animo.eu\/sv\/wp-json\/wp\/v2\/posts\/42775\/revisions\/42776"}],"wp:featuredmedia":[{"embeddable":true,"href":"https:\/\/animo.eu\/sv\/wp-json\/wp\/v2\/media\/41285"}],"wp:attachment":[{"href":"https:\/\/animo.eu\/sv\/wp-json\/wp\/v2\/media?parent=42775"}],"wp:term":[{"taxonomy":"category","embeddable":true,"href":"https:\/\/animo.eu\/sv\/wp-json\/wp\/v2\/categories?post=42775"},{"taxonomy":"post_tag","embeddable":true,"href":"https:\/\/animo.eu\/sv\/wp-json\/wp\/v2\/tags?post=42775"}],"curies":[{"name":"wp","href":"https:\/\/api.w.org\/{rel}","templated":true}]}}